{"id":6942,"date":"2015-01-29T14:24:16","date_gmt":"2015-01-29T13:24:16","guid":{"rendered":"https:\/\/numerabilis.u-paris.fr\/medica\/blog\/?p=6942"},"modified":"2015-01-29T14:24:16","modified_gmt":"2015-01-29T13:24:16","slug":"colloque-armee-soigne-service-sante-armees-grande-guerre","status":"publish","type":"post","link":"https:\/\/numerabilis.u-paris.fr\/medica\/blog\/index.php\/colloque-armee-soigne-service-sante-armees-grande-guerre\/","title":{"rendered":"Colloque : une arm\u00e9e qui soigne&#8230; (4 et 5 f\u00e9vrier)"},"content":{"rendered":"<h2><strong>Une arm\u00e9e qui soigne &#8211; Le service de Sant\u00e9 des Arm\u00e9es durant la Grande Guerre<\/strong><\/h2>\n<p>Colloque organis\u00e9 par l\u2019<a title=\"AAMSSA\" href=\"http:\/\/aamssa.viabloga.com\/\" target=\"_blank\">Association des amis du mus\u00e9e du service de sant\u00e9 des arm\u00e9es<\/a> (AAMSSA) sous la haute autorit\u00e9 du Directeur central du Service de sant\u00e9 des arm\u00e9es.<\/p>\n<p>Il se tiendra les <strong>mercredi 4 et jeudi 5 f\u00e9vrier 2015<\/strong> au <em>Val de Gr\u00e2ce<\/em>.<\/p>\n<p><a title=\"Programme colloque Arm\u00e9e qui soigne\" href=\"http:\/\/www.gorssa.fr\/Programme%20colloque%20AAMSSA%2015-02.pdf\" target=\"_blank\"><img loading=\"lazy\" decoding=\"async\" class=\"aligncenter size-full wp-image-6950\" title=\"armeesoigne\" src=\"https:\/\/numerabilis.u-paris.fr\/medica\/blog\/wp-content\/uploads\/armeesoigne.jpg\" alt=\"\" width=\"519\" height=\"529\" srcset=\"https:\/\/numerabilis.u-paris.fr\/medica\/blog\/wp-content\/uploads\/armeesoigne.jpg 519w, https:\/\/numerabilis.u-paris.fr\/medica\/blog\/wp-content\/uploads\/armeesoigne-294x300.jpg 294w\" sizes=\"(max-width: 519px) 85vw, 519px\" \/><\/a><\/p>\n<p>En lien avec ce colloque : <a title=\"Expo Une arm\u00e9e qui soigne...\" href=\"http:\/\/www.ecole-valdegrace.sante.defense.gouv.fr\/bibliotheque-musee\/musee-du-service-de-sante-des-armees\/expositions-temporaires\/expositions-en-cours\/une-armee-qui-soigne\" target=\"_blank\">une exposition au Mus\u00e9e du service de sant\u00e9 des arm\u00e9es<\/a>, au Val-de-Gr\u00e2ce, \u00e0 Paris, jusqu&rsquo;au <strong>4 octobre 2015<\/strong>.<\/p>\n<p><img loading=\"lazy\" decoding=\"async\" class=\"aligncenter size-full wp-image-6951\" title=\"valdegrace\" src=\"https:\/\/numerabilis.u-paris.fr\/medica\/blog\/wp-content\/uploads\/valdegrace.jpg\" alt=\"\" width=\"500\" height=\"333\" srcset=\"https:\/\/numerabilis.u-paris.fr\/medica\/blog\/wp-content\/uploads\/valdegrace.jpg 500w, https:\/\/numerabilis.u-paris.fr\/medica\/blog\/wp-content\/uploads\/valdegrace-300x199.jpg 300w, https:\/\/numerabilis.u-paris.fr\/medica\/blog\/wp-content\/uploads\/valdegrace-120x80.jpg 120w\" sizes=\"(max-width: 500px) 85vw, 500px\" \/><\/p>\n<p>Avec une partie de l&rsquo;exposition consacr\u00e9e \u00e0 la bande dessin\u00e9e <strong><em>L&rsquo;ambulance 13<\/em><\/strong>.<\/p>\n<p><a title=\"La Grande Guerre c\u00f4t\u00e9 Gueules cass\u00e9es\" href=\"http:\/\/bd.blog.leparisien.fr\/archive\/2014\/12\/20\/la-grande-guerre-cote-gueules-cassees.html\" target=\"_blank\"><img loading=\"lazy\" decoding=\"async\" class=\"aligncenter size-full wp-image-6948\" title=\"ambulance13\" src=\"https:\/\/numerabilis.u-paris.fr\/medica\/blog\/wp-content\/uploads\/ambulance13.jpg\" alt=\"\" width=\"500\" height=\"227\" srcset=\"https:\/\/numerabilis.u-paris.fr\/medica\/blog\/wp-content\/uploads\/ambulance13.jpg 500w, https:\/\/numerabilis.u-paris.fr\/medica\/blog\/wp-content\/uploads\/ambulance13-300x136.jpg 300w\" sizes=\"(max-width: 500px) 85vw, 500px\" \/><\/a><\/p>\n<h2>En savoir plus<\/h2>\n<p>&#8211; <a title=\"Programme colloque Arm\u00e9e qui soigne\" href=\"http:\/\/www.gorssa.fr\/Programme%20colloque%20AAMSSA%2015-02.pdf\" target=\"_blank\">Le programme du colloque<\/a><\/p>\n<p>&#8211; Notre <a title=\"Exposition Gueules cass\u00e9es\" href=\"https:\/\/www.biusante.parisdescartes.fr\/1418\/\" target=\"_blank\">exposition virtuelle sur les Gueules Cass\u00e9es<\/a><\/p>\n<p>&#8211; <a title=\"Fondation des Gueules cass\u00e9es\" href=\"https:\/\/numerabilis.u-paris.fr\/medica\/blog\/index.php\/fondation-gueules-cassees-soutient-biu-sante\/\" target=\"_blank\">La Fondation des Gueules Cass\u00e9es soutient la BIU Sant\u00e9<\/a><\/p>\n<p>&#8211; <a title=\"La Grande Guerre c\u00f4t\u00e9 Gueules cass\u00e9es\" href=\"http:\/\/bd.blog.leparisien.fr\/archive\/2014\/12\/20\/la-grande-guerre-cote-gueules-cassees.html\" target=\"_blank\">La Grande Guerre c\u00f4t\u00e9 Gueules Cass\u00e9es<\/a><\/p>\n<div id=\"schema_block\" class=\"schema_event\"><div itemscope itemtype=\"http:\/\/schema.org\/EducationEvent\"><a class=\"schema_url\" target=\"_blank\" itemprop=\"url\" href=\"http:\/\/aamssa.viabloga.com\/\"><div class=\"schema_name\" itemprop=\"name\">Une arm\u00e9e qui soigne, le service de sant\u00e9 durant la Grande Guerre<\/div><\/a><div><meta itemprop=\"startDate\" content=\"2015-02-04\">Debut: 02\/04\/2015<\/div><div><meta itemprop=\"endDate\" content=\"2015-02-05:00.000\">Fin: 02\/05\/2015<\/div><\/div><div itemprop=\"address\" itemscope itemtype=\"http:\/\/schema.org\/PostalAddress\"><div class=\"street\" itemprop=\"streetAddress\">Ecole du Val-de-Gr\u00e2ce, 1, place Alphonse-Laveran<\/div><div class=\"city_state\"><span class=\"locale\" itemprop=\"addressLocality\">Paris<\/span>,<span class=\"region\" itemprop=\"addressRegion\"> \u00cele-de-France<\/span><\/div><div class=\"postalcode\" itemprop=\"postalCode\">75005<\/div><div class=\"country\" itemprop=\"addressCountry\">FR<\/div><\/div><\/div>\n<p>&nbsp;<\/p>\n","protected":false},"excerpt":{"rendered":"<p>Une arm\u00e9e qui soigne &#8211; Le service de Sant\u00e9 des Arm\u00e9es durant la Grande Guerre Colloque organis\u00e9 par l\u2019Association des amis du mus\u00e9e du service de sant\u00e9 des arm\u00e9es (AAMSSA) sous la haute autorit\u00e9 du Directeur central du Service de sant\u00e9 des arm\u00e9es. Il se tiendra les mercredi 4 et jeudi 5 f\u00e9vrier 2015 au &hellip; <a href=\"https:\/\/numerabilis.u-paris.fr\/medica\/blog\/index.php\/colloque-armee-soigne-service-sante-armees-grande-guerre\/\" class=\"more-link\">Continuer la lecture<span class=\"screen-reader-text\"> de &laquo;&nbsp;Colloque : une arm\u00e9e qui soigne&#8230; (4 et 5 f\u00e9vrier)&nbsp;&raquo;<\/span><\/a><\/p>\n","protected":false},"author":1,"featured_media":0,"comment_status":"open","ping_status":"open","sticky":false,"template":"","format":"standard","meta":{"_monsterinsights_skip_tracking":false,"_monsterinsights_sitenote_active":false,"_monsterinsights_sitenote_note":"","_monsterinsights_sitenote_category":0,"footnotes":""},"categories":[7],"tags":[149,107,48,47],"class_list":["post-6942","post","type-post","status-publish","format-standard","hentry","category-histoiresante","tag-armee","tag-colloque-congres-je","tag-premiere-guerre-mondiale","tag-service-de-sante-des-armees"],"_links":{"self":[{"href":"https:\/\/numerabilis.u-paris.fr\/medica\/blog\/index.php\/wp-json\/wp\/v2\/posts\/6942"}],"collection":[{"href":"https:\/\/numerabilis.u-paris.fr\/medica\/blog\/index.php\/wp-json\/wp\/v2\/posts"}],"about":[{"href":"https:\/\/numerabilis.u-paris.fr\/medica\/blog\/index.php\/wp-json\/wp\/v2\/types\/post"}],"author":[{"embeddable":true,"href":"https:\/\/numerabilis.u-paris.fr\/medica\/blog\/index.php\/wp-json\/wp\/v2\/users\/1"}],"replies":[{"embeddable":true,"href":"https:\/\/numerabilis.u-paris.fr\/medica\/blog\/index.php\/wp-json\/wp\/v2\/comments?post=6942"}],"version-history":[{"count":14,"href":"https:\/\/numerabilis.u-paris.fr\/medica\/blog\/index.php\/wp-json\/wp\/v2\/posts\/6942\/revisions"}],"predecessor-version":[{"id":6960,"href":"https:\/\/numerabilis.u-paris.fr\/medica\/blog\/index.php\/wp-json\/wp\/v2\/posts\/6942\/revisions\/6960"}],"wp:attachment":[{"href":"https:\/\/numerabilis.u-paris.fr\/medica\/blog\/index.php\/wp-json\/wp\/v2\/media?parent=6942"}],"wp:term":[{"taxonomy":"category","embeddable":true,"href":"https:\/\/numerabilis.u-paris.fr\/medica\/blog\/index.php\/wp-json\/wp\/v2\/categories?post=6942"},{"taxonomy":"post_tag","embeddable":true,"href":"https:\/\/numerabilis.u-paris.fr\/medica\/blog\/index.php\/wp-json\/wp\/v2\/tags?post=6942"}],"curies":[{"name":"wp","href":"https:\/\/api.w.org\/{rel}","templated":true}]}}