{"id":6978,"date":"2015-02-03T14:12:23","date_gmt":"2015-02-03T13:12:23","guid":{"rendered":"https:\/\/numerabilis.u-paris.fr\/medica\/blog\/?p=6978"},"modified":"2015-02-03T14:12:23","modified_gmt":"2015-02-03T13:12:23","slug":"appel-chercheurs-2015-2016-bnf","status":"publish","type":"post","link":"https:\/\/numerabilis.u-paris.fr\/medica\/blog\/index.php\/appel-chercheurs-2015-2016-bnf\/","title":{"rendered":"Appel \u00e0 chercheurs 2015-2016 \u00e0 la BnF"},"content":{"rendered":"<p><a title=\"BnF\" href=\"http:\/\/www.bnf.fr\/\" target=\"_blank\">La Biblioth\u00e8que nationale de France<\/a> publie aujourd&rsquo;hui un <strong>appel \u00e0 chercheurs<\/strong>, afin de s&rsquo;associer le concours de jeunes doctorants pour l&rsquo;ann\u00e9e universitaire <strong>2015-2016<\/strong>.<a href=\"https:\/\/numerabilis.u-paris.fr\/medica\/blog\/wp-content\/uploads\/Logo_BnF1.jpg\"><img loading=\"lazy\" decoding=\"async\" class=\"alignright size-full wp-image-6986\" title=\"Logo_BnF\" src=\"https:\/\/numerabilis.u-paris.fr\/medica\/blog\/wp-content\/uploads\/Logo_BnF1.jpg\" alt=\"\" width=\"300\" height=\"158\" \/><\/a><\/p>\n<p><strong>L&rsquo;essentiel de l&rsquo;appel :<\/strong><\/p>\n<ul>\n<li>L&rsquo;appel \u00e0 chercheurs de la BnF s&rsquo;adresse pour les chercheurs invit\u00e9s \u00e0 tous ; pour les chercheurs associ\u00e9s aux doctorants.<\/li>\n<li>L\u2019appel \u00e0 chercheurs de la BnF est ouvert \u00e0 tout type de sujet. Les candidats \u00e0 l\u2019appel \u00e0 chercheurs peuvent proposer spontan\u00e9ment \u00e0 la Biblioth\u00e8que des sujets de recherches dans leur discipline. Afin d\u2019\u00e9viter la dispersion des travaux, la Biblioth\u00e8que a d\u00e9fini deux larges axes de recherche :<\/li>\n<\/ul>\n<p>&#8211; Axe 1 : \u00e9tude et valorisation des collections<br \/>\n&#8211; Axe 2 : \u00e9tude de l\u2019histoire du livre et des biblioth\u00e8ques<\/p>\n<ul>\n<li>La date limite de candidature est fix\u00e9e au : <strong>15 avril 2015<\/strong>.<\/li>\n<li>La s\u00e9lection des candidats est effectu\u00e9e en collaboration avec le Conseil scientifique de la Biblioth\u00e8que nationale de France.<\/li>\n<\/ul>\n<p><strong>Conditions d&rsquo;accueil : 8 bourses offertes<\/strong><\/p>\n<ul>\n<li>Chercheurs associ\u00e9s, ouvrant la possibilit\u00e9 d&rsquo;acc\u00e9der \u00e0 l&rsquo;une des 3 bourses BnF-Pasteur Vallery Radot \u00e0 partir de la deuxi\u00e8me ann\u00e9e de recherche<\/li>\n<li>Musiciens chercheurs associ\u00e9s pour les interpr\u00e8tes \u00e9l\u00e8ves des conservatoires sup\u00e9rieurs de musique<\/li>\n<li>Chercheurs invit\u00e9s par un m\u00e9c\u00e8ne : Fondation Louis Roederer (10.000 euros sur une ann\u00e9e pour une recherche sur la photographie), Mark Pigott (3 bourses de 10.000 euros sur une ann\u00e9e pour une recherche en histoire, arts et histoire de l&rsquo;art, innovation et technologies), \u00ab\u00a0Prix de la BnF\u00a0\u00bb (8.000 euros sur une ann\u00e9e, pour une recherche portant sur l&rsquo;\u0153uvre de Mona Ozouf, laur\u00e9at du prix de la BnF en 2014).<\/li>\n<\/ul>\n<p><strong>R\u00e9pondre \u00e0 l&rsquo;appel \u00e0 chercheurs<\/strong><br \/>\nLes candidatures sont \u00e0 adresser par courriel en deux \u00e9tapes <span style=\"text-decoration: underline;\">jusqu&rsquo;au 15 avril 2015<\/span>.<\/p>\n<ul>\n<li>1\u00e8re \u00e9tape : adresser votre dossier de candidature par courriel \u00e0 l\u2019adresse <a href=\"&#109;&#x61;i&#108;&#x74;&#111;&#x3a;a&#112;&#x70;e&#x6c;&#x61;&#99;&#x68;e&#114;&#x63;h&#x65;&#x75;&#114;&#x73;&#64;&#98;&#x6e;&#102;&#x2e;f&#114;\">&#97;&#x70;&#112;&#x65;l&#x61;c&#104;&#x65;&#114;&#x63;&#104;&#x65;u&#x72;s&#64;&#x62;&#110;&#x66;&#46;&#x66;r<\/a> \u00a0avec les \u00e9l\u00e9ments suivants au format .pdf<\/li>\n<\/ul>\n<p>&#8211; Fiche de candidature compl\u00e9t\u00e9e \u00e0 t\u00e9l\u00e9charger <a title=\"BnF\" href=\"http:\/\/www.bnf.fr\/\" target=\"_blank\">sur le site bnf.fr<\/a> ;<br \/>\n&#8211; Curriculum vitae et publications du candidat ;<br \/>\n&#8211; Pr\u00e9sentation du sujet de recherche propos\u00e9 (4 pages maximum)<br \/>\n&#8211; Projet de valorisation envisag\u00e9 (2 pages maximum) pour les candidats \u00e0 une bourse de recherche (Fondation Louis Roederer, Mark Pigott, Prix de la BnF)<br \/>\nL\u2019objet du courriel devra indiquer : \u00ab <em>Nom et pr\u00e9nom du candidat + candidature \u00e0 l\u2019Appel \u00e0 chercheurs 2015-2016<\/em> \u00bb.<\/p>\n<ul>\n<li>2\u00e8me \u00e9tape : faire adresser les lettres de recommandation par courriel<\/li>\n<\/ul>\n<p>En compl\u00e9ment, vous pouvez faire adresser par les personnalit\u00e9s qui vous recommandent (2 maximum) leur lettre de recommandation par courriel \u00e0 l\u2019adresse <a href=\"&#x6d;&#97;i&#x6c;&#x74;&#111;:&#x6c;&#x65;&#116;t&#x72;&#x65;&#99;h&#x65;&#x72;&#99;h&#x65;&#117;&#114;&#64;&#x62;&#110;f&#x2e;&#x66;&#114;\">&#x6c;&#x65;&#x74;&#x74;&#x72;&#x65;&#x63;&#x68;&#x65;&#x72;&#x63;&#x68;&#x65;&#x75;&#x72;&#x40;&#x62;&#x6e;&#x66;&#x2e;&#x66;&#x72;<\/a> . L\u2019objet du courriel devra indiquer : \u00ab <em>Nom et pr\u00e9nom du candidat + lettre de soutien \u00e0 l\u2019appel \u00e0 chercheur<\/em> \u00bb.<\/p>\n<h2><strong>En savoir plus<\/strong><\/h2>\n<ul>\n<li>page web : <a href=\"http:\/\/actions-recherche.bnf.fr\/BnF\/anirw3.nsf\/IX02\/P2015000003_appel-a-chercheurs\">http:\/\/actions-recherche.bnf.fr\/BnF\/anirw3.nsf\/IX02\/P2015000003_appel-a-chercheurs<\/a><\/li>\n<\/ul>\n<p><strong>Contacts<\/strong><\/p>\n<ul>\n<li>courriel : <a href=\"&#109;&#x61;&#105;&#x6c;&#116;&#x6f;:&#x61;p&#x70;e&#108;&#x61;&#99;&#x68;&#101;&#x72;&#99;&#x68;e&#x75;r&#x73;&#64;&#98;&#x6e;&#102;&#x2e;&#102;&#x72;\">&#x61;&#112;p&#x65;&#108;a&#x63;&#x68;&#101;&#x72;&#x63;&#104;e&#x75;&#114;s&#x40;&#x62;&#110;&#x66;&#x2e;&#102;r<\/a><\/li>\n<li>courrier : Biblioth\u00e8que nationale de France &#8211; \u00a0\u00bb Appel \u00e0 chercheurs \u00a0\u00bb &#8211; Quai Fran\u00e7ois Mauriac &#8211; 75706 Cedex 13 Paris<\/li>\n<\/ul>\n","protected":false},"excerpt":{"rendered":"<p>La Biblioth\u00e8que nationale de France publie aujourd&rsquo;hui un appel \u00e0 chercheurs, afin de s&rsquo;associer le concours de jeunes doctorants pour l&rsquo;ann\u00e9e universitaire 2015-2016. L&rsquo;essentiel de l&rsquo;appel : L&rsquo;appel \u00e0 chercheurs de la BnF s&rsquo;adresse pour les chercheurs invit\u00e9s \u00e0 tous ; pour les chercheurs associ\u00e9s aux doctorants. L\u2019appel \u00e0 chercheurs de la BnF est ouvert &hellip; <a href=\"https:\/\/numerabilis.u-paris.fr\/medica\/blog\/index.php\/appel-chercheurs-2015-2016-bnf\/\" class=\"more-link\">Continuer la lecture<span class=\"screen-reader-text\"> de &laquo;&nbsp;Appel \u00e0 chercheurs 2015-2016 \u00e0 la BnF&nbsp;&raquo;<\/span><\/a><\/p>\n","protected":false},"author":1,"featured_media":0,"comment_status":"open","ping_status":"open","sticky":false,"template":"","format":"standard","meta":{"_monsterinsights_skip_tracking":false,"_monsterinsights_sitenote_active":false,"_monsterinsights_sitenote_note":"","_monsterinsights_sitenote_category":0,"footnotes":""},"categories":[7,14,15],"tags":[],"class_list":["post-6978","post","type-post","status-publish","format-standard","hentry","category-histoiresante","category-medecine-odontologie","category-pharmacie-biologie-cosmetologie"],"_links":{"self":[{"href":"https:\/\/numerabilis.u-paris.fr\/medica\/blog\/index.php\/wp-json\/wp\/v2\/posts\/6978"}],"collection":[{"href":"https:\/\/numerabilis.u-paris.fr\/medica\/blog\/index.php\/wp-json\/wp\/v2\/posts"}],"about":[{"href":"https:\/\/numerabilis.u-paris.fr\/medica\/blog\/index.php\/wp-json\/wp\/v2\/types\/post"}],"author":[{"embeddable":true,"href":"https:\/\/numerabilis.u-paris.fr\/medica\/blog\/index.php\/wp-json\/wp\/v2\/users\/1"}],"replies":[{"embeddable":true,"href":"https:\/\/numerabilis.u-paris.fr\/medica\/blog\/index.php\/wp-json\/wp\/v2\/comments?post=6978"}],"version-history":[{"count":5,"href":"https:\/\/numerabilis.u-paris.fr\/medica\/blog\/index.php\/wp-json\/wp\/v2\/posts\/6978\/revisions"}],"predecessor-version":[{"id":6988,"href":"https:\/\/numerabilis.u-paris.fr\/medica\/blog\/index.php\/wp-json\/wp\/v2\/posts\/6978\/revisions\/6988"}],"wp:attachment":[{"href":"https:\/\/numerabilis.u-paris.fr\/medica\/blog\/index.php\/wp-json\/wp\/v2\/media?parent=6978"}],"wp:term":[{"taxonomy":"category","embeddable":true,"href":"https:\/\/numerabilis.u-paris.fr\/medica\/blog\/index.php\/wp-json\/wp\/v2\/categories?post=6978"},{"taxonomy":"post_tag","embeddable":true,"href":"https:\/\/numerabilis.u-paris.fr\/medica\/blog\/index.php\/wp-json\/wp\/v2\/tags?post=6978"}],"curies":[{"name":"wp","href":"https:\/\/api.w.org\/{rel}","templated":true}]}}