{"id":6996,"date":"2015-02-16T14:00:20","date_gmt":"2015-02-16T13:00:20","guid":{"rendered":"https:\/\/numerabilis.u-paris.fr\/medica\/blog\/?p=6996"},"modified":"2015-02-17T11:01:39","modified_gmt":"2015-02-17T10:01:39","slug":"palmares-prescrire-medicaments-2014","status":"publish","type":"post","link":"https:\/\/numerabilis.u-paris.fr\/medica\/blog\/index.php\/palmares-prescrire-medicaments-2014\/","title":{"rendered":"Palmar\u00e8s Prescrire 2014 des nouveaux m\u00e9dicaments"},"content":{"rendered":"<p><a title=\"La Revue Prescrire\" href=\"https:\/\/www.biusante.parisdescartes.fr\/ppn?001017721\" target=\"_blank\">La <strong>Revue Prescrire<\/strong><\/a> (<em>LRP pour les intimes, disponible au p\u00f4le M\u00e9decine et au p\u00f4le Pharmacie<\/em>) vient de publier son <a title=\"Palmar\u00e8s Prescrire 2014\" href=\"http:\/\/www.prescrire.org\/fr\/3\/31\/49835\/0\/NewsDetails.aspx\" target=\"_blank\">palmar\u00e8s 2014 des nouveaux m\u00e9dicaments<\/a>.<\/p>\n<p><span><img loading=\"lazy\" decoding=\"async\" class=\"aligncenter size-full wp-image-7001\" title=\"logo\" src=\"https:\/\/numerabilis.u-paris.fr\/medica\/blog\/wp-content\/uploads\/logo1.jpg\" alt=\"\" width=\"333\" height=\"97\" srcset=\"https:\/\/numerabilis.u-paris.fr\/medica\/blog\/wp-content\/uploads\/logo1.jpg 333w, https:\/\/numerabilis.u-paris.fr\/medica\/blog\/wp-content\/uploads\/logo1-300x87.jpg 300w\" sizes=\"(max-width: 333px) 85vw, 333px\" \/><\/span><\/p>\n<p>Absente des palmar\u00e8s pr\u00e9c\u00e9dents depuis 2007, une \u00ab <strong>Pilule d\u2019Or<\/strong> \u00bb\u00a0 est d\u00e9cern\u00e9e \u00e0 nouveau cette ann\u00e9e par la r\u00e9daction de <em>Prescrire<\/em> pour distinguer un m\u00e9dicament apportant \u00ab <em>un progr\u00e8s th\u00e9rapeutique d\u00e9cisif dans un domaine o\u00f9 patients et soignants \u00e9taient totalement d\u00e9munis<\/em> \u00bb. En l\u2019occurrence l\u2019<strong>Orphacol\u00ae<\/strong> (<em>acide cholique<\/em>) destin\u00e9 \u00e0 traiter deux maladies g\u00e9n\u00e9tiques rares du foie (<a href=\"http:\/\/www.orpha.net\/consor\/cgi-bin\/Drugs_Search.php?lng=FR&amp;data_id=101606&amp;search=Drugs_Search_Simple&amp;data_type=Status&amp;Typ=Med\" target=\"_blank\">d\u00e9ficit cong\u00e9nital de synth\u00e8se des acides biliaires<\/a>), dont le seul traitement alternatif \u00e9tait la transplantation h\u00e9patique.<\/p>\n<p>Ce m\u00e9dicament orphelin est le r\u00e9sultat d\u2019un long partenariat entre <strong>l\u2019AP-HP<\/strong> (<em>h\u00f4pital du Kremlin-Bic\u00eatre, \u00e9quipe du Pr Emmanuel Jacquemin<\/em>), son \u00e9tablissement pharmaceutique (l\u2019<a href=\"http:\/\/ageps.aphp.fr\/exclusif-orphacol-prime-par-une-asmr1-une-distinction-exceptionnelle-pour-travail-de-longue-haleine-2\/\" target=\"_blank\">AGEPS<\/a>) et le <strong>laboratoire CTRS<\/strong> (<em>Cell Therapies Research &amp; Services<\/em>) qui avait obtenu son Autorisation europ\u00e9enne de Mise sur le March\u00e9 le 12\/09\/2013, \u00e0 l\u2019issue d\u2019une \u00e9tonnante bataille juridique o\u00f9 le Tribunal de l\u2019Union europ\u00e9enne avait donn\u00e9 gain de cause \u00e0 ce petit laboratoire fran\u00e7ais (cr\u00e9\u00e9 en 2002), en annulant un refus de la Commission europ\u00e9enne.<\/p>\n<figure id=\"attachment_7139\" aria-describedby=\"caption-attachment-7139\" style=\"width: 510px\" class=\"wp-caption aligncenter\"><img loading=\"lazy\" decoding=\"async\" class=\"size-full wp-image-7139\" title=\"Orphacol\" src=\"https:\/\/numerabilis.u-paris.fr\/medica\/blog\/wp-content\/uploads\/Orphacol.jpg\" alt=\"\" width=\"510\" height=\"302\" srcset=\"https:\/\/numerabilis.u-paris.fr\/medica\/blog\/wp-content\/uploads\/Orphacol.jpg 510w, https:\/\/numerabilis.u-paris.fr\/medica\/blog\/wp-content\/uploads\/Orphacol-300x177.jpg 300w\" sizes=\"(max-width: 510px) 85vw, 510px\" \/><figcaption id=\"caption-attachment-7139\" class=\"wp-caption-text\">Photo CPRS<\/figcaption><\/figure>\n<p>L\u2019Orphacol\u00ae avait d\u00e9j\u00e0 \u00e9t\u00e9 salu\u00e9 par le <a title=\"Prix Galien\" href=\"http:\/\/ottpi.aphp.fr\/ap-hp-partenariat-avec-le-laboratoire-ctrs-pour-la-prise-en-charge-de-maladies-rares-du-foie-orphacol-prix-galien-france-2014\" target=\"_blank\">Prix Galien France 2014 de la recherche pharmaceutique<\/a> le 04\/12\/2014, apr\u00e8s avoir obtenu de la Haute autorit\u00e9 de sant\u00e9 (HAS) un <a href=\"http:\/\/www.has-sante.fr\/portail\/jcms\/c_1726511\/fr\/orphacol-acide-cholique-acide-biliaire\" target=\"_blank\">avis favorable assorti d\u2019une AMSR<\/a> (Am\u00e9lioration du service m\u00e9dical rendu) de niveau 1 (le plus haut niveau attribu\u00e9).<\/p>\n<p><em>La Revue Prescrire<\/em> en profite \u00e9galement pour <a title=\"Prescrire m\u00e9dicaments ombrelles\" href=\"http:\/\/www.prescrire.org\/fr\/3\/31\/49838\/0\/NewsDetails.aspx\" target=\"_blank\">r\u00e9it\u00e9rer sa critique des m\u00e9dicaments \u00ab\u00a0ombrelles\u00a0\u00bb<\/a>\u00a0 (\u00ab <em>dont les bo\u00eetes qui se ressemblent contiennent des\u00a0m\u00e9dicaments diff\u00e9rents<\/em> \u00bb, \u00ab <em>au d\u00e9triment d\u2019une distinction selon leur contenu. Elles exposent \u00e0 des confusions entre m\u00e9dicaments d\u2019une m\u00eame gamme ombrelle<\/em>. \u00bb)<\/p>\n<p>Voir aussi le site du <a title=\"Critique palmar\u00e8s Prescrire\" href=\"http:\/\/www.lequotidiendumedecin.fr\/actualite\/sante-publique\/palmares-prescrire-2014-des-medicaments-un-bon-cru\" target=\"_blank\"><em>Quotidien du m\u00e9decin<\/em>, avec d\u00e9j\u00e0 de nombreuses r\u00e9actions critiques \u00e0 ce palmar\u00e8s<\/a> (<em>notamment dans les commentaires !<\/em>) ou <a title=\"Blog docteurdu16\" href=\"http:\/\/docteurdu16.blogspot.fr\/2015\/01\/les-palmares-prescrire-2014.html\" target=\"_blank\">ce compte-rendu des pr\u00e9sentations par le blog de docteurdu16<\/a>.<\/p>\n<h2>En savoir plus<\/h2>\n<p><a id=\"ContentPlaceHolder1_dlSummaryReports_hlReport_0\" title=\"Palmar\u00e8s Prescrire 2014\" href=\"http:\/\/www.prescrire.org\/fr\/3\/31\/49835\/0\/NewsDetails.aspx\" target=\"_blank\">Palmar\u00e8s 2014 des nouveaux m\u00e9dicaments\u00a0: un\u00a0bon cru <\/a><\/p>\n<p><a id=\"ContentPlaceHolder1_dlSummaryReports_hlReport_1\" title=\"Palmar\u00e8s du conditionnement\" href=\"http:\/\/www.prescrire.org\/fr\/3\/31\/49837\/0\/NewsDetails.aspx\" target=\"_blank\">Palmar\u00e8s 2014 du conditionnement\u00a0: une palme mais encore trop de\u00a0d\u00e9fauts dangereux<\/a><\/p>\n<p><a title=\"Article Prescrire\" href=\"http:\/\/buff.ly\/1HQR6xd\" target=\"_blank\">La revue Prescrire distingue un m\u00e9dicament contre une maladie g\u00e9n\u00e9tique du foie<\/a><\/p>\n<p><a title=\"La maladie orpheline...\" href=\"http:\/\/www.liberation.fr\/economie\/2013\/01\/08\/la-maladie-orpheline-le-medicament-miracle-et-l-eurocrate_872548\" target=\"_blank\">La maladie orpheline, le m\u00e9dicament miracle et l\u2019eurocrate<\/a> par Jean Quatremer, correspondant du quotidien <em>Lib\u00e9ration<\/em>, 08\/01\/2013<\/p>\n<p><a title=\"Orphacol : camouflet...\" href=\"http:\/\/bruxelles.blogs.liberation.fr\/coulisses\/2013\/07\/orphacol-camouflet-pour-la-commission-europ%C3%A9enne.html\" target=\"_blank\">Orphacol : camouflet pour la Commission europ\u00e9enne<\/a> par Jean Quatremer, correspondant du quotidien <em>Lib\u00e9ration<\/em>, 05\/07\/2013<\/p>\n<p><a href=\"http:\/\/curia.europa.eu\/jcms\/upload\/docs\/application\/pdf\/2013-07\/cp130084fr.pdf\" target=\"_blank\">Le Tribunal de l&rsquo;Union europ\u00e9enne annule la d\u00e9cision de refus de la Commission europ\u00e9enne d&rsquo;autoriser la mise sur le marche de l&rsquo;Orphacol<\/a> [Communiqu\u00e9 de presse n\u00b0 84\/13]<\/p>\n<p>La fiche du m\u00e9dicament Orphacol dans le <em>R\u00e9pertoire des sp\u00e9cialit\u00e9s pharmaceutiques<\/em> de l&rsquo;ANSM : <a href=\"http:\/\/agence-prd.ansm.sante.fr\/php\/ecodex\/extrait.php?specid=63316225\" target=\"_blank\">50 mg g\u00e9lule<\/a> ; <a href=\"http:\/\/agence-prd.ansm.sante.fr\/php\/ecodex\/extrait.php?specid=62882708\" target=\"_blank\">250 mg g\u00e9lule<\/a>.<\/p>\n<p style=\"text-align: right;\"><a title=\"Adresse Alain Delaforge\" href=\"&#x6d;&#97;&#105;&#x6c;&#x74;&#111;&#58;&#x61;&#x6c;&#97;&#105;&#x6e;&#x2e;&#100;&#101;&#x6c;&#x61;&#102;&#111;&#x72;&#x67;&#101;&#64;&#x62;&#x69;&#117;&#115;&#x61;&#x6e;&#116;&#101;&#x2e;&#x70;&#97;&#114;&#x69;&#x73;&#100;&#101;&#x73;&#x63;&#97;&#114;&#x74;&#x65;&#115;&#46;&#x66;&#x72;\" target=\"_blank\">Alain Delaforge<\/a>, <a title=\"Adresse David Benoist\" href=\"mai&#108;&#116;&#111;&#x3a;&#x64;&#x61;&#x76;&#x69;&#x64;&#46;be&#110;&#111;&#105;&#115;&#x74;&#x40;&#x62;&#x69;&#x75;&#x73;ant&#101;&#46;&#112;&#x61;&#x72;&#x69;&#x73;&#x64;&#x65;sca&#114;&#116;&#101;&#115;&#x2e;&#x66;&#x72;\" target=\"_blank\">David Benoist<\/a> &amp; <a href=\"&#109;&#x61;&#105;&#x6c;&#116;&#x6f;&#58;&#x6a;e&#x72;e&#x6d;y&#x2e;s&#99;&#x68;&#114;&#x65;&#105;&#x62;&#101;&#x72;&#64;&#x62;i&#x75;s&#x61;n&#x74;e&#46;&#x70;&#97;&#x72;&#105;&#x73;&#100;&#x65;&#115;&#x63;a&#x72;t&#x65;s&#x2e;f&#114;\" target=\"_blank\">Jeremy Schreiber<\/a><\/p>\n","protected":false},"excerpt":{"rendered":"<p>La Revue Prescrire (LRP pour les intimes, disponible au p\u00f4le M\u00e9decine et au p\u00f4le Pharmacie) vient de publier son palmar\u00e8s 2014 des nouveaux m\u00e9dicaments. Absente des palmar\u00e8s pr\u00e9c\u00e9dents depuis 2007, une \u00ab Pilule d\u2019Or \u00bb\u00a0 est d\u00e9cern\u00e9e \u00e0 nouveau cette ann\u00e9e par la r\u00e9daction de Prescrire pour distinguer un m\u00e9dicament apportant \u00ab un progr\u00e8s th\u00e9rapeutique &hellip; <a href=\"https:\/\/numerabilis.u-paris.fr\/medica\/blog\/index.php\/palmares-prescrire-medicaments-2014\/\" class=\"more-link\">Continuer la lecture<span class=\"screen-reader-text\"> de &laquo;&nbsp;Palmar\u00e8s Prescrire 2014 des nouveaux m\u00e9dicaments&nbsp;&raquo;<\/span><\/a><\/p>\n","protected":false},"author":1,"featured_media":0,"comment_status":"open","ping_status":"open","sticky":false,"template":"","format":"standard","meta":{"_monsterinsights_skip_tracking":false,"_monsterinsights_sitenote_active":false,"_monsterinsights_sitenote_note":"","_monsterinsights_sitenote_category":0,"footnotes":""},"categories":[14,15],"tags":[175],"class_list":["post-6996","post","type-post","status-publish","format-standard","hentry","category-medecine-odontologie","category-pharmacie-biologie-cosmetologie","tag-medicaments"],"_links":{"self":[{"href":"https:\/\/numerabilis.u-paris.fr\/medica\/blog\/index.php\/wp-json\/wp\/v2\/posts\/6996"}],"collection":[{"href":"https:\/\/numerabilis.u-paris.fr\/medica\/blog\/index.php\/wp-json\/wp\/v2\/posts"}],"about":[{"href":"https:\/\/numerabilis.u-paris.fr\/medica\/blog\/index.php\/wp-json\/wp\/v2\/types\/post"}],"author":[{"embeddable":true,"href":"https:\/\/numerabilis.u-paris.fr\/medica\/blog\/index.php\/wp-json\/wp\/v2\/users\/1"}],"replies":[{"embeddable":true,"href":"https:\/\/numerabilis.u-paris.fr\/medica\/blog\/index.php\/wp-json\/wp\/v2\/comments?post=6996"}],"version-history":[{"count":40,"href":"https:\/\/numerabilis.u-paris.fr\/medica\/blog\/index.php\/wp-json\/wp\/v2\/posts\/6996\/revisions"}],"predecessor-version":[{"id":7136,"href":"https:\/\/numerabilis.u-paris.fr\/medica\/blog\/index.php\/wp-json\/wp\/v2\/posts\/6996\/revisions\/7136"}],"wp:attachment":[{"href":"https:\/\/numerabilis.u-paris.fr\/medica\/blog\/index.php\/wp-json\/wp\/v2\/media?parent=6996"}],"wp:term":[{"taxonomy":"category","embeddable":true,"href":"https:\/\/numerabilis.u-paris.fr\/medica\/blog\/index.php\/wp-json\/wp\/v2\/categories?post=6996"},{"taxonomy":"post_tag","embeddable":true,"href":"https:\/\/numerabilis.u-paris.fr\/medica\/blog\/index.php\/wp-json\/wp\/v2\/tags?post=6996"}],"curies":[{"name":"wp","href":"https:\/\/api.w.org\/{rel}","templated":true}]}}