{"id":7236,"date":"2015-03-05T09:06:28","date_gmt":"2015-03-05T08:06:28","guid":{"rendered":"https:\/\/numerabilis.u-paris.fr\/medica\/blog\/?p=7236"},"modified":"2015-03-06T16:22:16","modified_gmt":"2015-03-06T15:22:16","slug":"correspondance-patin-par-loic-capron","status":"publish","type":"post","link":"https:\/\/numerabilis.u-paris.fr\/medica\/blog\/index.php\/correspondance-patin-par-loic-capron\/","title":{"rendered":"Edition critique de la correspondance de Guy Patin (1601-1672)"},"content":{"rendered":"<h2>Correspondance fran\u00e7aise de Guy Patin, \u00e9dit\u00e9e par Lo\u00efc Capron<\/h2>\n<p>Voici, pr\u00e8s de trois si\u00e8cles et demi apr\u00e8s la mort de son auteur, la <a title=\"Patin\" href=\"https:\/\/www.biusante.parisdescartes.fr\/patin\/\" target=\"_blank\"><strong>premi\u00e8re \u00e9dition compl\u00e8te de la correspondance de Guy Patin<\/strong><\/a> (1601-1672), <strong>par Lo\u00efc Capron<\/strong>, professeur de m\u00e9decine interne de l\u2019Universit\u00e9 Paris Descartes. Elle est accessible <a title=\"Patin\" href=\"https:\/\/www.biusante.parisdescartes.fr\/patin\/\" target=\"_blank\">en ligne, gratuitement<\/a>, dans la section <em>\u00c9ditions critiques<\/em> de notre <a title=\"BIU Sant\u00e9 histoire\" href=\"https:\/\/www.biusante.parisdescartes.fr\/histmed\/debut.htm\" target=\"_blank\">site<\/a>.<\/p>\n<figure id=\"attachment_7302\" aria-describedby=\"caption-attachment-7302\" style=\"width: 300px\" class=\"wp-caption alignleft\"><a title=\"Portrait Patin\" href=\"https:\/\/www.biusante.parisdescartes.fr\/histmed\/image?CIPC0157\" target=\"_blank\"><img loading=\"lazy\" decoding=\"async\" class=\"size-full wp-image-7302   \" title=\"portrait250\" src=\"https:\/\/numerabilis.u-paris.fr\/medica\/blog\/wp-content\/uploads\/portrait300.jpg\" alt=\"\" width=\"300\" height=\"379\" \/><\/a><figcaption id=\"caption-attachment-7302\" class=\"wp-caption-text\"><em>Portrait de Guy Patin grav\u00e9 en 1670<\/em><br \/><em>par Antoine Masson (1630-1700<\/em>). <a title=\"Biographie Patin\" href=\"https:\/\/www3.biusante.parisdescartes.fr\/patin\/?do=pg&amp;let=8002\" target=\"_blank\">Guy Patin<\/a>, <a title=\"Docteur r\u00e9gent\" href=\"https:\/\/www3.biusante.parisdescartes.fr\/patin\/?do=pg&amp;let=0022&amp;cln=13\" target=\"_blank\">docteur r\u00e9gent<\/a> et <a title=\"Doyen\" href=\"https:\/\/www3.biusante.parisdescartes.fr\/patin\/?do=pg&amp;let=0249&amp;cln=2\" target=\"_blank\">doyen<\/a> de la Facult\u00e9 de m\u00e9decine de Paris, <a title=\"Coll\u00e8ge de France\" href=\"https:\/\/www3.biusante.parisdescartes.fr\/patin\/?do=pg&amp;let=0372&amp;cln=30\" target=\"_blank\">professeur au Coll\u00e8ge royal de France<\/a>.<\/figcaption><\/figure>\n<p>Guy Patin, docteur r\u00e9gent et doyen de la Facult\u00e9 de m\u00e9decine de Paris, professeur au Coll\u00e8ge royal de France, a laiss\u00e9 1.017 lettres en fran\u00e7ais, \u00e9crites entre 1630 et sa mort. <strong>Il y parle de tout : de m\u00e9decine et de science, de la politique agit\u00e9e de son temps, de l\u2019actualit\u00e9 en g\u00e9n\u00e9ral, de religion, des livres \u2013 sa passion \u2013 et de leur commerce, de sa vie personnelle.<\/strong> Ce n\u2019est pas un h\u00e9ros de la science en progr\u00e8s qui appara\u00eet \u00e0 la lecture, mais bien plut\u00f4t un personnage pass\u00e9iste, digne d\u2019avoir sans doute servi de mod\u00e8le au Diafoirus du Malade imaginaire de Moli\u00e8re. Mais \u00e0 condition d\u2019en bien comprendre le contexte et la port\u00e9e, les lettres \u00e9crites par ce curieux infatigable au long de quatre d\u00e9cennies offrent <strong>un point d\u2019observation original et remarquable sur maints aspects de son si\u00e8cle<\/strong>.<\/p>\n<figure id=\"attachment_7313\" aria-describedby=\"caption-attachment-7313\" style=\"width: 200px\" class=\"wp-caption alignright\"><img loading=\"lazy\" decoding=\"async\" class=\"size-full wp-image-7313 \" title=\"capron200\" src=\"https:\/\/numerabilis.u-paris.fr\/medica\/blog\/wp-content\/uploads\/capron200.jpg\" alt=\"\" width=\"200\" height=\"243\" \/><figcaption id=\"caption-attachment-7313\" class=\"wp-caption-text\">N\u00e9 le 6 d\u00e9cembre 1949 \u00e0 Arras, Lo\u00efc Capron est professeur de m\u00e9decine interne de l\u2019Universit\u00e9 Paris Descartes. Il a cess\u00e9 ses activit\u00e9s de m\u00e9decin des h\u00f4pitaux en 2012 quand il a \u00e9t\u00e9 \u00e9lu pour 4 ans pr\u00e9sident de la Commission m\u00e9dicale d\u2019\u00e9tablissement de l\u2019AP-HP.<\/figcaption><\/figure>\n<p>L\u2019\u00e9dition offerte par Lo\u00efc Capron exploite syst\u00e9matiquement ce point d\u2019observation. On y trouvera plus de <strong>16.000 notes<\/strong> explicatives qui donnent les cl\u00e9s pour l\u2019examen critique du contenu. Les personnages, les \u00e9v\u00e9nements et les id\u00e9es y sont situ\u00e9s dans leur contexte et donnent souvent lieu \u00e0 d\u2019importants d\u00e9veloppements. D\u2019abondantes citations des textes du temps reconstituent pour le lecteur le concert des voix de cette \u00e9poque. Les passages en latin (ou parfois en grec) dont les lettres sont truff\u00e9es sont traduits.<\/p>\n<p>En outre, les lettres sont m\u00e9thodiquement balis\u00e9es par <strong>un index de plus de 43.000 entr\u00e9es<\/strong>, qui permet de trouver dans les lettres les mentions de <strong>milliers de personnages et de faits<\/strong>. On verra d\u2019ailleurs que cet index original permet au besoin, en cours de lecture, d\u2019identifier presque instantan\u00e9ment ce dont il est question.<\/p>\n<p>&nbsp;<\/p>\n<figure id=\"attachment_7320\" aria-describedby=\"caption-attachment-7320\" style=\"width: 350px\" class=\"wp-caption alignleft\"><a href=\"https:\/\/www.biusante.parisdescartes.fr\/histmed\/image?CISB0450\"><img loading=\"lazy\" decoding=\"async\" class=\"size-full wp-image-7320 \" title=\"diafoirus350\" src=\"https:\/\/numerabilis.u-paris.fr\/medica\/blog\/wp-content\/uploads\/diafoirus350.jpg\" alt=\"\" width=\"350\" height=\"440\" \/><\/a><figcaption id=\"caption-attachment-7320\" class=\"wp-caption-text\"><em>M. Diafoirus, Thomas Diafoirus et le malade<\/em>, par Brion (XIXe si\u00e8cle)<br \/>Il est probable que Guy Patin <a title=\"Mod\u00e8le Diafoirus\" href=\"https:\/\/www.biusante.parisdescartes.fr\/patin\/?do=pg&amp;let=8009\" target=\"_blank\">a servi de mod\u00e8le \u00e0 Diafoirus<\/a>, le m\u00e9decin ridicule du Malade imaginaire. Il fut en tout cas comme lui l\u2019auteur, <a title=\"Th\u00e8se contre Harvey\" href=\"https:\/\/www.biusante.parisdescartes.fr\/patin\/?do=pg&amp;let=0999&amp;cln=1\" target=\"_blank\">d\u2019une th\u00e8se contre Harvey<\/a> et <a title=\"Contre les circulateurs\" href=\"https:\/\/www.biusante.parisdescartes.fr\/patin\/?do=pg&amp;let=0177&amp;cln=12\" target=\"_blank\">\u00ab contre les circulateurs \u00bb<\/a>, qui conclut : \u00ab Ergo motus sanguinis circularis est impossibilis. \u00bb<\/figcaption><\/figure>\n<p>Aussi cette \u00e9dition est-elle bien plus que ce que son titre annonce : <strong>c\u2019est une mine creus\u00e9e au c\u0153ur du XVIIe si\u00e8cle<\/strong>. De note en note, avec une \u00e9rudition vaste et claire, et avec son \u0153il de m\u00e9decin passionn\u00e9 d\u2019histoire, Lo\u00efc Capron a \u00e9crit, pour son plaisir et pour le n\u00f4tre, une encyclop\u00e9die du monde de Guy Patin.<\/p>\n<p>Un site Web ne permet pas d\u2019\u00e9valuer facilement le volume d\u2019un ouvrage. Si l\u2019on imprimait celui-ci, il occuperait <strong>5.400 pages<\/strong> au format A4.<\/p>\n<p>L\u2019\u00e9dition de la correspondance fran\u00e7aise sera suivie dans quelque temps par celle de la correspondance latine de Guy Patin, conserv\u00e9e dans <a title=\"Ms 2007\" href=\"https:\/\/www.biusante.parisdescartes.fr\/histmed\/medica\/cote?ms02007\" target=\"_blank\">le manuscrit Ms 2007 de la BIU Sant\u00e9<\/a>, puis par l\u2019\u00e9dition des Commentaires de la Facult\u00e9 de m\u00e9decine r\u00e9dig\u00e9s par Guy Patin (BIU Sant\u00e9, Ms 13, 1651-1652), toujours par Lo\u00efc Capron.<\/p>\n<p>&nbsp;<\/p>\n<figure id=\"attachment_7333\" aria-describedby=\"caption-attachment-7333\" style=\"width: 383px\" class=\"wp-caption aligncenter\"><a title=\"Galerie du Palais\" href=\"http:\/\/gallica.bnf.fr\/ark:\/12148\/btv1b84035726 \" target=\"_blank\"><img loading=\"lazy\" decoding=\"async\" class=\"size-full wp-image-7333 \" title=\"galerie2\" src=\"https:\/\/numerabilis.u-paris.fr\/medica\/blog\/wp-content\/uploads\/galerie2.jpg\" alt=\"\" width=\"383\" height=\"477\" srcset=\"https:\/\/numerabilis.u-paris.fr\/medica\/blog\/wp-content\/uploads\/galerie2.jpg 383w, https:\/\/numerabilis.u-paris.fr\/medica\/blog\/wp-content\/uploads\/galerie2-240x300.jpg 240w\" sizes=\"(max-width: 383px) 85vw, 383px\" \/><\/a><figcaption id=\"caption-attachment-7333\" class=\"wp-caption-text\">Abraham Bosse. <em>La Galerie du Palais <\/em>(d\u00e9tail, prov. BnF Gallica). \u00ab Bibliomane \u00bb inv\u00e9t\u00e9r\u00e9, trafiquant de livres, Guy Patin <a title=\"biblioth\u00e8que Patin\" href=\"https:\/\/www.biusante.parisdescartes.fr\/patin\/?do=pg&amp;let=8012\" target=\"_blank\">a construit, puis perdu<\/a>, une nombreuse biblioth\u00e8que. Sa correspondance est une source importante d\u2019information pour l\u2019histoire du livre et de la librairie.<\/figcaption><\/figure>\n<p>La correspondance et l\u2019apparat critique sont plac\u00e9s par leur auteur sous <a title=\"CC4\" href=\"http:\/\/creativecommons.org\/licenses\/by-nc\/4.0\/deed.fr\" target=\"_blank\">Licence Creative Commons<\/a> (<em>BY-NC : <strong>r\u00e9utilisation libre \u00e0 but non commercial<\/strong>, sous r\u00e9serve d\u2019attribution correcte<\/em>).<\/p>\n<figure id=\"attachment_7337\" aria-describedby=\"caption-attachment-7337\" style=\"width: 436px\" class=\"wp-caption aligncenter\"><a title=\"Jean Chartier\" href=\"https:\/\/www.biusante.parisdescartes.fr\/histmed\/medica\/page?90957x034x06&amp;p=60\" target=\"_blank\"><img loading=\"lazy\" decoding=\"async\" class=\"size-full wp-image-7337\" title=\"antimoine\" src=\"https:\/\/numerabilis.u-paris.fr\/medica\/blog\/wp-content\/uploads\/antimoine.jpg\" alt=\"\" width=\"436\" height=\"428\" srcset=\"https:\/\/numerabilis.u-paris.fr\/medica\/blog\/wp-content\/uploads\/antimoine.jpg 436w, https:\/\/numerabilis.u-paris.fr\/medica\/blog\/wp-content\/uploads\/antimoine-300x294.jpg 300w\" sizes=\"(max-width: 436px) 85vw, 436px\" \/><\/a><figcaption id=\"caption-attachment-7337\" class=\"wp-caption-text\">Embl\u00e8me final de l\u2019ouvrage de <a title=\"Jean Chartier\" href=\"https:\/\/www.biusante.parisdescartes.fr\/patin\/?do=pg&amp;let=0271&amp;cln=13 \" target=\"_blank\">Jean Chartier<\/a>, <em>La science du plomb sacre des sages, ou de l&rsquo;antimoine, o\u00f9 sont d\u00e9crites ses rares &amp; particulieres vertus, puissances et qualitez<\/em>, 1651.<br \/>Guy Patin ex\u00e9crait les innovations m\u00e9dicales en g\u00e9n\u00e9ral, et tout particuli\u00e8rement celles qui \u00e9manaient de la chimie, telles que l\u2019antimoine (essentiellement employ\u00e9 comme vomitif sous la forme de vin \u00e9m\u00e9tique). <a title=\"Guerre de l'antimoine\" href=\"https:\/\/www.biusante.parisdescartes.fr\/patin\/?do=pg&amp;let=0054&amp;cln=8\" target=\"_blank\">La guerre de l\u2019antimoine fit rage pendant des ann\u00e9es<\/a>, et fut perdue finalement par Patin et son camp. Les \u00e9chos en retentissent tout au long de la correspondance.<\/figcaption><\/figure>\n<p>La BIU Sant\u00e9 remercie particuli\u00e8rement Marie-France Claerebout (Aldine) pour son aide g\u00e9n\u00e9reuse, constante et toujours avis\u00e9e ; ainsi que Thomas Houques (<a title=\"Inovcom\" href=\"http:\/\/inovcom.fr\/\" target=\"_blank\">soci\u00e9t\u00e9 Inovcom<\/a>) qui a assur\u00e9 avec talent la transformation de l\u2019\u00e9norme fichier de traitement de texte original vers le format de base de donn\u00e9es adapt\u00e9 au Web d\u00e9fini par la biblioth\u00e8que.<\/p>\n<figure id=\"attachment_7340\" aria-describedby=\"caption-attachment-7340\" style=\"width: 600px\" class=\"wp-caption aligncenter\"><a title=\"Jansenius\" href=\"http:\/\/gallica.bnf.fr\/ark:\/12148\/btv1b8403519t\" target=\"_blank\"><img loading=\"lazy\" decoding=\"async\" class=\"size-full wp-image-7340 \" title=\"jansenius600\" src=\"https:\/\/numerabilis.u-paris.fr\/medica\/blog\/wp-content\/uploads\/jansenius600.jpg\" alt=\"\" width=\"600\" height=\"861\" srcset=\"https:\/\/numerabilis.u-paris.fr\/medica\/blog\/wp-content\/uploads\/jansenius600.jpg 600w, https:\/\/numerabilis.u-paris.fr\/medica\/blog\/wp-content\/uploads\/jansenius600-209x300.jpg 209w\" sizes=\"(max-width: 709px) 85vw, (max-width: 909px) 67vw, (max-width: 984px) 61vw, (max-width: 1362px) 45vw, 600px\" \/><\/a><figcaption id=\"caption-attachment-7340\" class=\"wp-caption-text\">Portrait de <a title=\"Jansenius\" href=\"https:\/\/www.biusante.parisdescartes.fr\/patin\/?do=pg&amp;let=0101&amp;cln=50 \" target=\"_blank\">Jansenius<\/a> (source BnF Gallica). Patin, dans sa correspondance, n\u2019a fait myst\u00e8re ni de ses sympathies pour les jans\u00e9nistes et les r\u00e9form\u00e9s, ni de son hostilit\u00e9 <a title=\"Jans\u00e9nisme\" href=\"https:\/\/www.biusante.parisdescartes.fr\/patin\/?do=pg&amp;let=0016&amp;cln=8\" target=\"_blank\">contre les j\u00e9suites<\/a> ; ses raisons, \u00e0 ce qu\u2019on peut en lire, \u00e9taient bien moins th\u00e9ologiques que politiques.<\/figcaption><\/figure>\n<p>D\u00e9j\u00e0 paru dans la section \u00c9ditions critiques du site de la BIU Sant\u00e9 : <em><a title=\"La Fabrique de V\u00e9sale\" href=\"https:\/\/www.biusante.parisdescartes.fr\/vesale\" target=\"_blank\">La Fabrique de V\u00e9sale et autres textes<\/a><\/em>, par Jacqueline Vons et St\u00e9phane Velut.<\/p>\n<figure id=\"attachment_7344\" aria-describedby=\"caption-attachment-7344\" style=\"width: 562px\" class=\"wp-caption aligncenter\"><a title=\"Fronde\" href=\"https:\/\/books.google.fr\/books?id=LNAmbT21ctUC&amp;lpg=PA175&amp;ots=SB60BnFvdL&amp;vq=%22salut%20de%20la%20France%20dans%20les%20armes%20de%20la%20Ville%20de%20Paris%22&amp;dq=%22salut%20de%20la%20France%20dans%20les%20armes%20de%20la%20Ville%20de%20Paris%22&amp;hl=fr&amp;pg=PA175#v=onepage&amp;q&amp;f=false\" target=\"_blank\"><img loading=\"lazy\" decoding=\"async\" class=\"size-full wp-image-7344\" title=\"fronde\" src=\"https:\/\/numerabilis.u-paris.fr\/medica\/blog\/wp-content\/uploads\/fronde.jpg\" alt=\"\" width=\"562\" height=\"582\" srcset=\"https:\/\/numerabilis.u-paris.fr\/medica\/blog\/wp-content\/uploads\/fronde.jpg 562w, https:\/\/numerabilis.u-paris.fr\/medica\/blog\/wp-content\/uploads\/fronde-289x300.jpg 289w\" sizes=\"(max-width: 562px) 85vw, 562px\" \/><\/a><figcaption id=\"caption-attachment-7344\" class=\"wp-caption-text\"><em>Le salut de la France dans les armes de la ville de Paris<\/em> (1648). Gravure MS 15159, biblioth\u00e8que Mazarine, Paris, clich\u00e9 Charmet, tous droits r\u00e9serv\u00e9s. Guy Patin commente abondamment <a title=\"Fronde\" href=\"https:\/\/www.biusante.parisdescartes.fr\/patin\/?do=pg&amp;let=0166&amp;cln=124\" target=\"_blank\">les \u00e9v\u00e9nements de la Fronde<\/a>, dont de multiples acteurs traversent la correspondance.<\/figcaption><\/figure>\n<h2>Pour en savoir plus<\/h2>\n<p>&#8211; <a title=\"Patin\" href=\"https:\/\/www.biusante.parisdescartes.fr\/patin\/\" target=\"_blank\">Lien direct vers l&rsquo;\u00e9dition critique de la correspondance<\/a><\/p>\n<p>&#8211; Entrevue avec Lo\u00efc Capron (avec : Marie-France Claerebout [Aldine], Jacques Gana [BIU Sant\u00e9, D\u00e9partement de l&rsquo;informatique], Jean-Fran\u00e7ois Vincent [BIU Sant\u00e9, Service d&rsquo;histoire de la sant\u00e9].)<\/p>\n<p><iframe loading=\"lazy\" src=\"https:\/\/www.youtube.com\/embed\/9R6dTJtSUuU?rel=0\" frameborder=\"0\" width=\"640\" height=\"360\"><\/iframe><\/p>\n","protected":false},"excerpt":{"rendered":"<p>Correspondance fran\u00e7aise de Guy Patin, \u00e9dit\u00e9e par Lo\u00efc Capron Voici, pr\u00e8s de trois si\u00e8cles et demi apr\u00e8s la mort de son auteur, la premi\u00e8re \u00e9dition compl\u00e8te de la correspondance de Guy Patin (1601-1672), par Lo\u00efc Capron, professeur de m\u00e9decine interne de l\u2019Universit\u00e9 Paris Descartes. Elle est accessible en ligne, gratuitement, dans la section \u00c9ditions critiques &hellip; <a href=\"https:\/\/numerabilis.u-paris.fr\/medica\/blog\/index.php\/correspondance-patin-par-loic-capron\/\" class=\"more-link\">Continuer la lecture<span class=\"screen-reader-text\"> de &laquo;&nbsp;Edition critique de la correspondance de Guy Patin (1601-1672)&nbsp;&raquo;<\/span><\/a><\/p>\n","protected":false},"author":1,"featured_media":0,"comment_status":"open","ping_status":"open","sticky":false,"template":"","format":"standard","meta":{"_monsterinsights_skip_tracking":false,"_monsterinsights_sitenote_active":false,"_monsterinsights_sitenote_note":"","_monsterinsights_sitenote_category":0,"footnotes":""},"categories":[7],"tags":[87,168],"class_list":["post-7236","post","type-post","status-publish","format-standard","hentry","category-histoiresante","tag-17e-s","tag-edition"],"_links":{"self":[{"href":"https:\/\/numerabilis.u-paris.fr\/medica\/blog\/index.php\/wp-json\/wp\/v2\/posts\/7236"}],"collection":[{"href":"https:\/\/numerabilis.u-paris.fr\/medica\/blog\/index.php\/wp-json\/wp\/v2\/posts"}],"about":[{"href":"https:\/\/numerabilis.u-paris.fr\/medica\/blog\/index.php\/wp-json\/wp\/v2\/types\/post"}],"author":[{"embeddable":true,"href":"https:\/\/numerabilis.u-paris.fr\/medica\/blog\/index.php\/wp-json\/wp\/v2\/users\/1"}],"replies":[{"embeddable":true,"href":"https:\/\/numerabilis.u-paris.fr\/medica\/blog\/index.php\/wp-json\/wp\/v2\/comments?post=7236"}],"version-history":[{"count":76,"href":"https:\/\/numerabilis.u-paris.fr\/medica\/blog\/index.php\/wp-json\/wp\/v2\/posts\/7236\/revisions"}],"predecessor-version":[{"id":7370,"href":"https:\/\/numerabilis.u-paris.fr\/medica\/blog\/index.php\/wp-json\/wp\/v2\/posts\/7236\/revisions\/7370"}],"wp:attachment":[{"href":"https:\/\/numerabilis.u-paris.fr\/medica\/blog\/index.php\/wp-json\/wp\/v2\/media?parent=7236"}],"wp:term":[{"taxonomy":"category","embeddable":true,"href":"https:\/\/numerabilis.u-paris.fr\/medica\/blog\/index.php\/wp-json\/wp\/v2\/categories?post=7236"},{"taxonomy":"post_tag","embeddable":true,"href":"https:\/\/numerabilis.u-paris.fr\/medica\/blog\/index.php\/wp-json\/wp\/v2\/tags?post=7236"}],"curies":[{"name":"wp","href":"https:\/\/api.w.org\/{rel}","templated":true}]}}