{"id":741,"date":"2013-03-04T17:27:28","date_gmt":"2013-03-04T16:27:28","guid":{"rendered":"https:\/\/numerabilis.u-paris.fr\/medica\/blog\/?p=741"},"modified":"2013-03-04T17:37:35","modified_gmt":"2013-03-04T16:37:35","slug":"le-monde-diffusion-des-connaissances","status":"publish","type":"post","link":"https:\/\/numerabilis.u-paris.fr\/medica\/blog\/index.php\/le-monde-diffusion-des-connaissances\/","title":{"rendered":"A qui appartient le savoir ? Un article du Monde"},"content":{"rendered":"<p><a title=\"A qui appartient le savoir ?\" href=\"http:\/\/www.lemonde.fr\/sciences\/article\/2013\/02\/28\/a-qui-appartient-le-savoir_1840797_1650684.html\" target=\"_blank\">Le suppl\u00e9ment Science &amp; Techno du journal Le Monde (2 mars 2013)<\/a> s&rsquo;int\u00e9resse \u00e0 la question br\u00fblante de la <strong><em>diffusion des connaissances<\/em><\/strong>.<\/p>\n<p><a title=\"A qui appartient le savoir ?\" href=\"http:\/\/www.lemonde.fr\/sciences\/article\/2013\/02\/28\/a-qui-appartient-le-savoir_1840797_1650684.html\" target=\"_blank\"><img loading=\"lazy\" decoding=\"async\" class=\"aligncenter size-medium wp-image-751\" title=\"A qui appartient le savoir\" src=\"https:\/\/numerabilis.u-paris.fr\/medica\/blog\/wp-content\/uploads\/A-qui-appartient-le-savoir-300x246.png\" alt=\"Article A qui appartient le savoir ?\" width=\"300\" height=\"246\" srcset=\"https:\/\/numerabilis.u-paris.fr\/medica\/blog\/wp-content\/uploads\/A-qui-appartient-le-savoir-300x246.png 300w, https:\/\/numerabilis.u-paris.fr\/medica\/blog\/wp-content\/uploads\/A-qui-appartient-le-savoir.png 673w\" sizes=\"(max-width: 300px) 85vw, 300px\" \/><\/a><\/p>\n<p><a title=\"A qui appartient le savoir ?\" href=\"http:\/\/www.lemonde.fr\/sciences\/article\/2013\/02\/28\/a-qui-appartient-le-savoir_1840797_1650684.html\" target=\"_blank\">\u00c0\u00a0qui appartient le savoir ?<\/a> : cet article est consultable \u00e0 la <strong>BIU Sant\u00e9<\/strong>, seul le sch\u00e9ma r\u00e9capitulatif est <a title=\"A qui appartient le savoir ?\" href=\"http:\/\/www.lemonde.fr\/sciences\/article\/2013\/02\/28\/a-qui-appartient-le-savoir_1840797_1650684.html\" target=\"_blank\">accessible gratuitement en ligne<\/a>.<\/p>\n<p><a title=\"A qui appartient le savoir ? Version longue\" href=\"http:\/\/alasource.blog.lemonde.fr\/2013\/03\/01\/a-qui-appartient-le-savoir-la-version-longue\/\" target=\"_blank\">Un \u00ab\u00a0making-of\u00a0\u00bb de l&rsquo;article pr\u00e9sente des \u00e9l\u00e9ments compl\u00e9mentaires sur le blog de l&rsquo;un des auteurs<\/a>.<\/p>\n<p><strong>Sandrine Cabut<\/strong> et <strong>David Larousserie<\/strong> font le point en 2 pages sur les vives controverses qui agitent d\u00e9sormais l&rsquo;<em>\u00e9dition acad\u00e9mique<\/em>.<\/p>\n<p>Des scientifiques s&rsquo;opposent aux pratiques jug\u00e9es abusives de certains \u00e9diteurs, alors que la recherche est en partie subventionn\u00e9e par des fonds publics. Enjeux financiers, politiques et d\u00e9ontologiques s&rsquo;entrem\u00ealent \u00e0 une \u00e9chelle plan\u00e9taire.<\/p>\n<p>La <strong>BIU Sant\u00e9<\/strong> est directement concern\u00e9e par ces questions, puisqu&rsquo;elle est abonn\u00e9e \u00e0 pr\u00e8s de <em>10 000 titres \u00e9lectroniques en sant\u00e9 et sciences de la vie, et 1 500 revues en format papier.<\/em><\/p>\n<p>L&rsquo;<a title=\"American Library Association\" href=\"http:\/\/www.ala.org\/\" target=\"_blank\">association am\u00e9ricaine des biblioth\u00e8ques<\/a> estime par exemple qu&rsquo;entre 1986 et 2011 les prix des abonnements aux revues scientifiques ont augment\u00e9 en moyenne de 6% par an.<\/p>\n<p>En compl\u00e9ment de cet article, <a title=\"Le Monde\" href=\"http:\/\/www.lemonde.fr\/\" target=\"_blank\">Le Monde<\/a> appelle les chercheurs <a title=\"Quels sont les d\u00e9fauts du syst\u00e8me actuel de diffusion des connaissances ?\" href=\"http:\/\/www.lemonde.fr\/sciences\/appel_temoignage\/2013\/02\/28\/chercheurs-quels-sont-selon-vous-les-defauts-du-systeme-actuel-de-diffusion-des-connaissances_1840890_1650684.html\" target=\"_blank\">\u00e0 exprimer leur avis<\/a> :<\/p>\n<p><a title=\"Quels sont les d\u00e9fauts du syst\u00e8me actuel de diffusion des connaissances ?\" href=\"http:\/\/www.lemonde.fr\/sciences\/appel_temoignage\/2013\/02\/28\/chercheurs-quels-sont-selon-vous-les-defauts-du-systeme-actuel-de-diffusion-des-connaissances_1840890_1650684.html\" target=\"_blank\">\u00ab\u00a0Chercheurs, quels sont selon vous les d\u00e9fauts du syst\u00e8me actuel de diffusion des connaissances ?\u00a0\u00bb<\/a><\/p>\n<p>\u00c0\u00a0vos claviers !<\/p>\n","protected":false},"excerpt":{"rendered":"<p>Le suppl\u00e9ment Science &amp; Techno du journal Le Monde (2 mars 2013) s&rsquo;int\u00e9resse \u00e0 la question br\u00fblante de la diffusion des connaissances. \u00c0\u00a0qui appartient le savoir ? : cet article est consultable \u00e0 la BIU Sant\u00e9, seul le sch\u00e9ma r\u00e9capitulatif est accessible gratuitement en ligne. Un \u00ab\u00a0making-of\u00a0\u00bb de l&rsquo;article pr\u00e9sente des \u00e9l\u00e9ments compl\u00e9mentaires sur le &hellip; <a href=\"https:\/\/numerabilis.u-paris.fr\/medica\/blog\/index.php\/le-monde-diffusion-des-connaissances\/\" class=\"more-link\">Continuer la lecture<span class=\"screen-reader-text\"> de &laquo;&nbsp;A qui appartient le savoir ? Un article du Monde&nbsp;&raquo;<\/span><\/a><\/p>\n","protected":false},"author":1,"featured_media":751,"comment_status":"open","ping_status":"open","sticky":false,"template":"","format":"standard","meta":{"_monsterinsights_skip_tracking":false,"_monsterinsights_sitenote_active":false,"_monsterinsights_sitenote_note":"","_monsterinsights_sitenote_category":0,"footnotes":""},"categories":[14,15],"tags":[19,360,36],"class_list":["post-741","post","type-post","status-publish","format-standard","has-post-thumbnail","hentry","category-medecine-odontologie","category-pharmacie-biologie-cosmetologie","tag-base-de-donnees","tag-ebooks","tag-revues"],"_links":{"self":[{"href":"https:\/\/numerabilis.u-paris.fr\/medica\/blog\/index.php\/wp-json\/wp\/v2\/posts\/741"}],"collection":[{"href":"https:\/\/numerabilis.u-paris.fr\/medica\/blog\/index.php\/wp-json\/wp\/v2\/posts"}],"about":[{"href":"https:\/\/numerabilis.u-paris.fr\/medica\/blog\/index.php\/wp-json\/wp\/v2\/types\/post"}],"author":[{"embeddable":true,"href":"https:\/\/numerabilis.u-paris.fr\/medica\/blog\/index.php\/wp-json\/wp\/v2\/users\/1"}],"replies":[{"embeddable":true,"href":"https:\/\/numerabilis.u-paris.fr\/medica\/blog\/index.php\/wp-json\/wp\/v2\/comments?post=741"}],"version-history":[{"count":32,"href":"https:\/\/numerabilis.u-paris.fr\/medica\/blog\/index.php\/wp-json\/wp\/v2\/posts\/741\/revisions"}],"predecessor-version":[{"id":769,"href":"https:\/\/numerabilis.u-paris.fr\/medica\/blog\/index.php\/wp-json\/wp\/v2\/posts\/741\/revisions\/769"}],"wp:featuredmedia":[{"embeddable":true,"href":"https:\/\/numerabilis.u-paris.fr\/medica\/blog\/index.php\/wp-json\/wp\/v2\/media\/751"}],"wp:attachment":[{"href":"https:\/\/numerabilis.u-paris.fr\/medica\/blog\/index.php\/wp-json\/wp\/v2\/media?parent=741"}],"wp:term":[{"taxonomy":"category","embeddable":true,"href":"https:\/\/numerabilis.u-paris.fr\/medica\/blog\/index.php\/wp-json\/wp\/v2\/categories?post=741"},{"taxonomy":"post_tag","embeddable":true,"href":"https:\/\/numerabilis.u-paris.fr\/medica\/blog\/index.php\/wp-json\/wp\/v2\/tags?post=741"}],"curies":[{"name":"wp","href":"https:\/\/api.w.org\/{rel}","templated":true}]}}