{"id":7572,"date":"2015-03-30T13:08:59","date_gmt":"2015-03-30T11:08:59","guid":{"rendered":"https:\/\/numerabilis.u-paris.fr\/medica\/blog\/?p=7572"},"modified":"2015-03-30T13:11:31","modified_gmt":"2015-03-30T11:11:31","slug":"lundi-paques-ferie-2015","status":"publish","type":"post","link":"https:\/\/numerabilis.u-paris.fr\/medica\/blog\/index.php\/lundi-paques-ferie-2015\/","title":{"rendered":"Lundi de P\u00e2ques f\u00e9ri\u00e9"},"content":{"rendered":"<p>Attention, <strong>la biblioth\u00e8que sera ferm\u00e9e le lundi 6 avril 2015<\/strong> (<em>lundi de P\u00e2ques, jour f\u00e9ri\u00e9<\/em>).<\/p>\n<p>Elle sera ouverte normalement le <strong>samedi 4 avril<\/strong>, de 9h \u00e0 20h (<em>except\u00e9 le p\u00f4le Pharmacie en raison du plan Vigipirate<\/em>).<\/p>\n<p>Une petite pause pour vous adonner aux saines joies de la <em>chasse aux \u0153ufs<\/em>, avant de vous replonger d\u00e8s mardi dans vos \u00e9tudes.<\/p>\n<figure id=\"attachment_7575\" aria-describedby=\"caption-attachment-7575\" style=\"width: 519px\" class=\"wp-caption aligncenter\"><a title=\"Lapin P\u00e2ques\" href=\"https:\/\/www.biusante.parisdescartes.fr\/histmed\/image?med164221x11x0233\" target=\"_blank\"><img loading=\"lazy\" decoding=\"async\" class=\"size-full wp-image-7575\" title=\"paques\" src=\"https:\/\/numerabilis.u-paris.fr\/medica\/blog\/wp-content\/uploads\/paques.jpg\" alt=\"\" width=\"519\" height=\"324\" srcset=\"https:\/\/numerabilis.u-paris.fr\/medica\/blog\/wp-content\/uploads\/paques.jpg 519w, https:\/\/numerabilis.u-paris.fr\/medica\/blog\/wp-content\/uploads\/paques-300x187.jpg 300w\" sizes=\"(max-width: 519px) 85vw, 519px\" \/><\/a><figcaption id=\"caption-attachment-7575\" class=\"wp-caption-text\">1879. Le lapin de P\u00e2ques en bien f\u00e2cheuse posture.<\/figcaption><\/figure>\n<p>L&rsquo;occasion de (re)d\u00e9couvrir nos services en ligne, disponibles 7 jours sur 7 et 24h\/24 :<\/p>\n<p>Pour les <em>historiens<\/em>, en <strong>acc\u00e8s libre<\/strong> : la biblioth\u00e8que num\u00e9rique <em><a href=\"https:\/\/www.biusante.parisdescartes.fr\/\/histmed\/medica.htm\" target=\"_blank\">Medic@<\/a><\/em>, la <a title=\"Banque d'images BIU Sant\u00e9\" href=\"http:\/\/www2.biusante.parisdescartes.fr\/img\/\" target=\"_blank\">Banque d&rsquo;images et de portraits<\/a>, et pourquoi pas une petite visite du c\u00f4t\u00e9 des <a href=\"https:\/\/www.biusante.parisdescartes.fr\/histmed\/expos.htm\" target=\"_blank\">expositions virtuelles<\/a>.<\/p>\n<p>Pour les <em>lecteurs de Paris Descartes<\/em>, les <strong>bases de donn\u00e9es<\/strong> en <a href=\"http:\/\/www2.biusante.parisdescartes.fr\/signets\/index.las?specif=bdd&amp;acces=payant&amp;med=oui&amp;tri=alp\" target=\"_blank\">m\u00e9decine<\/a> ou en <a href=\"http:\/\/www2.biusante.parisdescartes.fr\/signets_pha\/index.las?specif=bdd&amp;acces=payant&amp;pha=oui&amp;tri=alp\" target=\"_blank\">pharmacie<\/a>, les <a href=\"http:\/\/www2.biusante.parisdescartes.fr\/perio\/perio_pay.htm\" target=\"_blank\">revues \u00e9lectroniques<\/a> et les <strong>livres \u00e9lectroniques<\/strong> en <a href=\"http:\/\/www2.biusante.parisdescartes.fr\/signets\/index.las?specif=livelec&amp;acces=payant&amp;med=oui&amp;tri=alp&amp;form=o\" target=\"_blank\">m\u00e9decine<\/a> ou en <a href=\"http:\/\/www2.biusante.parisdescartes.fr\/signets_pha\/index.las?specif=livelec&amp;acces=payant&amp;pha=oui&amp;tri=alp&amp;form=o\" target=\"_blank\">pharmacie<\/a>.<\/p>\n","protected":false},"excerpt":{"rendered":"<p>Attention, la biblioth\u00e8que sera ferm\u00e9e le lundi 6 avril 2015 (lundi de P\u00e2ques, jour f\u00e9ri\u00e9). Elle sera ouverte normalement le samedi 4 avril, de 9h \u00e0 20h (except\u00e9 le p\u00f4le Pharmacie en raison du plan Vigipirate). Une petite pause pour vous adonner aux saines joies de la chasse aux \u0153ufs, avant de vous replonger d\u00e8s &hellip; <a href=\"https:\/\/numerabilis.u-paris.fr\/medica\/blog\/index.php\/lundi-paques-ferie-2015\/\" class=\"more-link\">Continuer la lecture<span class=\"screen-reader-text\"> de &laquo;&nbsp;Lundi de P\u00e2ques f\u00e9ri\u00e9&nbsp;&raquo;<\/span><\/a><\/p>\n","protected":false},"author":1,"featured_media":0,"comment_status":"open","ping_status":"open","sticky":false,"template":"","format":"standard","meta":{"_monsterinsights_skip_tracking":false,"_monsterinsights_sitenote_active":false,"_monsterinsights_sitenote_note":"","_monsterinsights_sitenote_category":0,"footnotes":""},"categories":[7,14,15],"tags":[43],"class_list":["post-7572","post","type-post","status-publish","format-standard","hentry","category-histoiresante","category-medecine-odontologie","category-pharmacie-biologie-cosmetologie","tag-acces"],"_links":{"self":[{"href":"https:\/\/numerabilis.u-paris.fr\/medica\/blog\/index.php\/wp-json\/wp\/v2\/posts\/7572"}],"collection":[{"href":"https:\/\/numerabilis.u-paris.fr\/medica\/blog\/index.php\/wp-json\/wp\/v2\/posts"}],"about":[{"href":"https:\/\/numerabilis.u-paris.fr\/medica\/blog\/index.php\/wp-json\/wp\/v2\/types\/post"}],"author":[{"embeddable":true,"href":"https:\/\/numerabilis.u-paris.fr\/medica\/blog\/index.php\/wp-json\/wp\/v2\/users\/1"}],"replies":[{"embeddable":true,"href":"https:\/\/numerabilis.u-paris.fr\/medica\/blog\/index.php\/wp-json\/wp\/v2\/comments?post=7572"}],"version-history":[{"count":3,"href":"https:\/\/numerabilis.u-paris.fr\/medica\/blog\/index.php\/wp-json\/wp\/v2\/posts\/7572\/revisions"}],"predecessor-version":[{"id":7581,"href":"https:\/\/numerabilis.u-paris.fr\/medica\/blog\/index.php\/wp-json\/wp\/v2\/posts\/7572\/revisions\/7581"}],"wp:attachment":[{"href":"https:\/\/numerabilis.u-paris.fr\/medica\/blog\/index.php\/wp-json\/wp\/v2\/media?parent=7572"}],"wp:term":[{"taxonomy":"category","embeddable":true,"href":"https:\/\/numerabilis.u-paris.fr\/medica\/blog\/index.php\/wp-json\/wp\/v2\/categories?post=7572"},{"taxonomy":"post_tag","embeddable":true,"href":"https:\/\/numerabilis.u-paris.fr\/medica\/blog\/index.php\/wp-json\/wp\/v2\/tags?post=7572"}],"curies":[{"name":"wp","href":"https:\/\/api.w.org\/{rel}","templated":true}]}}