{"id":7663,"date":"2015-05-26T13:31:01","date_gmt":"2015-05-26T11:31:01","guid":{"rendered":"https:\/\/numerabilis.u-paris.fr\/medica\/blog\/?p=7663"},"modified":"2015-05-26T15:13:59","modified_gmt":"2015-05-26T13:13:59","slug":"article-martine-poulain-spoliations","status":"publish","type":"post","link":"https:\/\/numerabilis.u-paris.fr\/medica\/blog\/index.php\/article-martine-poulain-spoliations\/","title":{"rendered":"La biblioth\u00e8que de la facult\u00e9 de m\u00e9decine pendant la Seconde Guerre mondiale"},"content":{"rendered":"<p>\u00c0\u00a0l&rsquo;heure o\u00f9 quatre grandes figures de la R\u00e9sistance <a title=\"D\u00e9cret Panth\u00e9on\" href=\"http:\/\/legifrance.gouv.fr\/affichTexte.do?cidTexte=JORFTEXT000030069298&amp;categorieLien=id\" target=\"_blank\">sont accueillies au Panth\u00e9on<\/a>, un rappel sur <a title=\"Spoliations 2014\" href=\"https:\/\/numerabilis.u-paris.fr\/medica\/blog\/index.php\/signalement-ouvrages-spolies\/\" target=\"_blank\">les collections de la BIU Sant\u00e9 issues des spoliations de la Seconde Guerre mondiale<\/a>, d\u00e9j\u00e0 \u00e9voqu\u00e9es l&rsquo;an pass\u00e9.<\/p>\n<p>En effet, apr\u00e8s la guerre, de nombreuses biblioth\u00e8ques fran\u00e7aises re\u00e7urent en d\u00e9p\u00f4t des <strong>ouvrages confisqu\u00e9s<\/strong> par les Nazis, et dont les propri\u00e9taires l\u00e9gitimes n&rsquo;avaient pas pu \u00eatre retrouv\u00e9s.<\/p>\n<p>Pour la biblioth\u00e8que de la facult\u00e9 de M\u00e9decine de Paris, il s&rsquo;agit d&rsquo;une attribution de <strong>294 livres ou titres de p\u00e9riodiques<\/strong> (<em>et des centaines de fascicules<\/em>). La provenance de ces documents est d\u00e9sormais clairement identifiable dans les catalogues.<\/p>\n<figure id=\"attachment_8228\" aria-describedby=\"caption-attachment-8228\" style=\"width: 700px\" class=\"wp-caption aligncenter\"><img loading=\"lazy\" decoding=\"async\" class=\" wp-image-8228\" style=\"border: 1px solid black;\" title=\"Sans titre\" src=\"https:\/\/numerabilis.u-paris.fr\/medica\/blog\/wp-content\/uploads\/Sans-titre3.png\" alt=\"\" width=\"700\" height=\"64\" srcset=\"https:\/\/numerabilis.u-paris.fr\/medica\/blog\/wp-content\/uploads\/Sans-titre3.png 700w, https:\/\/numerabilis.u-paris.fr\/medica\/blog\/wp-content\/uploads\/Sans-titre3-300x27.png 300w\" sizes=\"(max-width: 709px) 85vw, (max-width: 909px) 67vw, (max-width: 984px) 61vw, (max-width: 1362px) 45vw, 600px\" \/><figcaption id=\"caption-attachment-8228\" class=\"wp-caption-text\">Exemple d&rsquo;indication de provenance dans le catalogue.<\/figcaption><\/figure>\n<p>Ce travail de m\u00e9moire a \u00e9t\u00e9 rendu possible par les recherches de <strong>Martine Poulain<\/strong>, conservatrice g\u00e9n\u00e9rale des biblioth\u00e8ques honoraire. Dans un nouvel article du <em>Bulletin des biblioth\u00e8ques de France<\/em>, elle fait le point sur ce travail et ses r\u00e9sultats.<\/p>\n<p>Avec l&rsquo;aimable autorisation de l&rsquo;auteure et du BBF, <a title=\"Article BBF\" href=\"https:\/\/numerabilis.u-paris.fr\/medica\/blog\/wp-content\/uploads\/bbf-4-2015-spoliations-martine-poulain.pdf\" target=\"_blank\">retrouvez cet article en cliquant ici<\/a> (<em>pour des raisons de droits, les illustrations ne sont pas consultables dans cette version<\/em>).<\/p>\n<p>Ci-dessous, un exemple d&rsquo;ouvrage attribu\u00e9 \u00e0 la biblioth\u00e8que :<\/p>\n<figure id=\"attachment_4844\" aria-describedby=\"caption-attachment-4844\" style=\"width: 600px\" class=\"wp-caption aligncenter\"><a title=\"Spoliations 2014\" href=\"https:\/\/www.biusante.parisdescartes.fr\/ppn?045416168\" target=\"_blank\"><img loading=\"lazy\" decoding=\"async\" class=\"size-full wp-image-4844\" title=\"0035\" src=\"https:\/\/numerabilis.u-paris.fr\/medica\/blog\/wp-content\/uploads\/0035.jpg\" alt=\"\" width=\"600\" height=\"794\" srcset=\"https:\/\/numerabilis.u-paris.fr\/medica\/blog\/wp-content\/uploads\/0035.jpg 600w, https:\/\/numerabilis.u-paris.fr\/medica\/blog\/wp-content\/uploads\/0035-226x300.jpg 226w\" sizes=\"(max-width: 709px) 85vw, (max-width: 909px) 67vw, (max-width: 984px) 61vw, (max-width: 1362px) 45vw, 600px\" \/><\/a><figcaption id=\"caption-attachment-4844\" class=\"wp-caption-text\">Cours complet d&rsquo;anatomie peint et grav\u00e9 en couleurs naturelles par M.A.E. Gautier d&rsquo;Agoty, Nancy : J.B. Hyacinthe Leclerc, 1773. Cote 2208.<\/figcaption><\/figure>\n<p>La question des spoliations m\u00e9rite d&rsquo;\u00eatre rapproch\u00e9e de la situation des <strong>m\u00e9decins juifs<\/strong> \u00e0 Paris avant et pendant la guerre. La BIU Sant\u00e9 poss\u00e8de plusieurs ouvrages traitant de cette p\u00e9riode :<\/p>\n<p>&#8211; <a title=\"La m\u00e9decine fran\u00e7aise et les Juifs\" href=\"https:\/\/www.biusante.parisdescartes.fr\/ppn?107933535\" target=\"_blank\">La m\u00e9decine fran\u00e7aise et les Juifs 1930-1945<\/a>, de Henri Nahum (cote 189770)<\/p>\n<p>&#8211;<a title=\"Les internes des h\u00f4pitaux de Paris 1802-1952\" href=\"https:\/\/www.biusante.parisdescartes.fr\/ppn?068682433\" target=\"_blank\"> Les internes des h\u00f4pitaux de Paris 1802-1952<\/a> de B\u00e9n\u00e9dicte Vergez-Chaignon (cote HM Mag. SPE internat 11)<\/p>\n<p>&#8211; <a title=\"Le docteur M\u00e9n\u00e9trel : \u00e9minence grise et confident du mar\u00e9chal P\u00e9tain\" href=\"https:\/\/www.biusante.parisdescartes.fr\/ppn?06016820X\" target=\"_blank\">Le docteur M\u00e9n\u00e9trel &#8211; \u00e9minence grise et confident du mar\u00e9chal P\u00e9tain<\/a>, de B\u00e9n\u00e9dicte Vergez-Chaignon (cote HM Mag Biogr. ind.)<\/p>\n<p>&#8211; <a title=\"Blouses blanches, \u00e9toiles jaunes : l'exclusion des m\u00e9decins juifs en France sous l'Occupation\" href=\"https:\/\/www.biusante.parisdescartes.fr\/ppn?051174243\" target=\"_blank\">Blouses blanches, \u00e9toiles jaunes &#8211; l&rsquo;exclusion des m\u00e9decins juifs en France sous l&rsquo;Occupation<\/a>, de Bruno Halioua (cote 185152)<\/p>\n<p>&#8211; <a title=\"Le m\u00e9decin juif errant, 1943-1945\" href=\"https:\/\/www.biusante.parisdescartes.fr\/ppn?133591891\" target=\"_blank\">Le m\u00e9decin juif errant, 1940-1943<\/a>, de Jean-Claude Dreyfus (cote 156766 \/ 365-6)<\/p>\n<p>O\u00f9 l&rsquo;on apprend qu&rsquo;un certain nombre de m\u00e9decins parisiens manifest\u00e8rent dans les ann\u00e9es 1930 pour s&rsquo;opposer \u00e0 l&rsquo;installation de leurs confr\u00e8res juifs r\u00e9fugi\u00e9s d&rsquo;Allemagne ou d&rsquo;Europe centrale. L&rsquo;un d&rsquo;entre eux fut d&rsquo;ailleurs \u00e0 l&rsquo;origine de la <strong>d\u00e9portation<\/strong> de nombre de ses coll\u00e8gues &#8211; son nom, figurant sur le monument aux morts de l&rsquo;universit\u00e9 a, depuis qu&rsquo;on le sait, \u00e9t\u00e9 occult\u00e9.<\/p>\n<p>Durant le conflit, la biblioth\u00e8que de la facult\u00e9 fut visit\u00e9e \u00e0 plusieurs reprises par des officiers allemands &#8211; accueillis par le <strong>chahut<\/strong> des \u00e9tudiants qui frappaient les tables de lecture de leurs mains. Malgr\u00e9 les listes \u00e9tablies par Vichy, aucun <strong>ouvrage d&rsquo;auteur juif<\/strong> ne fut retir\u00e9 des collections de la biblioth\u00e8que.<\/p>\n<p>En 2013 fut appos\u00e9e dans la salle d&rsquo;actualit\u00e9s du p\u00f4le M\u00e9decine une <strong>plaque en l\u2019honneur du<\/strong> <a title=\"Biographie L\u00e9vy-Valensi\" href=\"http:\/\/www2.biusante.parisdescartes.fr\/bio\/?cle=9926\" target=\"_blank\">Pr L\u00e9vy-Valensi<\/a>, mort dans un camp de concentration.<\/p>\n<p><a title=\"Portrait docteur L\u00e9vy-Valensi\" href=\"https:\/\/www.biusante.parisdescartes.fr\/histmed\/image?CIPB1938\" target=\"_blank\"><img loading=\"lazy\" decoding=\"async\" class=\"aligncenter size-full wp-image-8047\" title=\"CIPB1938\" src=\"https:\/\/numerabilis.u-paris.fr\/medica\/blog\/wp-content\/uploads\/CIPB1938.jpg\" alt=\"\" width=\"644\" height=\"1000\" srcset=\"https:\/\/numerabilis.u-paris.fr\/medica\/blog\/wp-content\/uploads\/CIPB1938.jpg 644w, https:\/\/numerabilis.u-paris.fr\/medica\/blog\/wp-content\/uploads\/CIPB1938-193x300.jpg 193w\" sizes=\"(max-width: 709px) 85vw, (max-width: 909px) 67vw, (max-width: 984px) 61vw, (max-width: 1362px) 45vw, 600px\" \/><\/a><\/p>\n<p><img loading=\"lazy\" decoding=\"async\" class=\"aligncenter size-full wp-image-8049\" title=\"Joseph Levy-Valensi-600\" src=\"https:\/\/numerabilis.u-paris.fr\/medica\/blog\/wp-content\/uploads\/Joseph-Levy-Valensi-600.jpg\" alt=\"\" width=\"600\" height=\"601\" srcset=\"https:\/\/numerabilis.u-paris.fr\/medica\/blog\/wp-content\/uploads\/Joseph-Levy-Valensi-600.jpg 600w, https:\/\/numerabilis.u-paris.fr\/medica\/blog\/wp-content\/uploads\/Joseph-Levy-Valensi-600-150x150.jpg 150w, https:\/\/numerabilis.u-paris.fr\/medica\/blog\/wp-content\/uploads\/Joseph-Levy-Valensi-600-300x300.jpg 300w\" sizes=\"(max-width: 709px) 85vw, (max-width: 909px) 67vw, (max-width: 984px) 61vw, (max-width: 1362px) 45vw, 600px\" \/><\/p>\n<h2>En savoir plus<\/h2>\n<p>&#8211; L&rsquo;ouvrage de Martine Poulain, <em>Livres pill\u00e9s, lectures surveill\u00e9es. Les biblioth\u00e8ques fran\u00e7aises sous l\u2019Occupation<\/em>, Gallimard, 2013 (753 p.), ISBN 9782070453979. Disponible \u00e0 la BIU Sant\u00e9, au p\u00f4le M\u00e9decine (<a title=\"Livres pill\u00e9s... 2008\" href=\"https:\/\/www.biusante.parisdescartes.fr\/ppn?129171581\" target=\"_blank\">\u00e9dition 2008<\/a>) et au p\u00f4le Pharmacie (<a title=\"Livres pill\u00e9s... 2013\" href=\"https:\/\/www.biusante.parisdescartes.fr\/ppn?174814887\" target=\"_blank\">\u00e9dition revue et augment\u00e9e 2013<\/a>).<\/p>\n<p>&nbsp;<\/p>\n<p>&nbsp;<\/p>\n","protected":false},"excerpt":{"rendered":"<p>\u00c0\u00a0l&rsquo;heure o\u00f9 quatre grandes figures de la R\u00e9sistance sont accueillies au Panth\u00e9on, un rappel sur les collections de la BIU Sant\u00e9 issues des spoliations de la Seconde Guerre mondiale, d\u00e9j\u00e0 \u00e9voqu\u00e9es l&rsquo;an pass\u00e9. En effet, apr\u00e8s la guerre, de nombreuses biblioth\u00e8ques fran\u00e7aises re\u00e7urent en d\u00e9p\u00f4t des ouvrages confisqu\u00e9s par les Nazis, et dont les propri\u00e9taires &hellip; <a href=\"https:\/\/numerabilis.u-paris.fr\/medica\/blog\/index.php\/article-martine-poulain-spoliations\/\" class=\"more-link\">Continuer la lecture<span class=\"screen-reader-text\"> de &laquo;&nbsp;La biblioth\u00e8que de la facult\u00e9 de m\u00e9decine pendant la Seconde Guerre mondiale&nbsp;&raquo;<\/span><\/a><\/p>\n","protected":false},"author":1,"featured_media":0,"comment_status":"open","ping_status":"open","sticky":false,"template":"","format":"standard","meta":{"_monsterinsights_skip_tracking":false,"_monsterinsights_sitenote_active":false,"_monsterinsights_sitenote_note":"","_monsterinsights_sitenote_category":0,"footnotes":""},"categories":[7],"tags":[81,160],"class_list":["post-7663","post","type-post","status-publish","format-standard","hentry","category-histoiresante","tag-medecin","tag-seconde-guerre-mondiale"],"_links":{"self":[{"href":"https:\/\/numerabilis.u-paris.fr\/medica\/blog\/index.php\/wp-json\/wp\/v2\/posts\/7663"}],"collection":[{"href":"https:\/\/numerabilis.u-paris.fr\/medica\/blog\/index.php\/wp-json\/wp\/v2\/posts"}],"about":[{"href":"https:\/\/numerabilis.u-paris.fr\/medica\/blog\/index.php\/wp-json\/wp\/v2\/types\/post"}],"author":[{"embeddable":true,"href":"https:\/\/numerabilis.u-paris.fr\/medica\/blog\/index.php\/wp-json\/wp\/v2\/users\/1"}],"replies":[{"embeddable":true,"href":"https:\/\/numerabilis.u-paris.fr\/medica\/blog\/index.php\/wp-json\/wp\/v2\/comments?post=7663"}],"version-history":[{"count":31,"href":"https:\/\/numerabilis.u-paris.fr\/medica\/blog\/index.php\/wp-json\/wp\/v2\/posts\/7663\/revisions"}],"predecessor-version":[{"id":8236,"href":"https:\/\/numerabilis.u-paris.fr\/medica\/blog\/index.php\/wp-json\/wp\/v2\/posts\/7663\/revisions\/8236"}],"wp:attachment":[{"href":"https:\/\/numerabilis.u-paris.fr\/medica\/blog\/index.php\/wp-json\/wp\/v2\/media?parent=7663"}],"wp:term":[{"taxonomy":"category","embeddable":true,"href":"https:\/\/numerabilis.u-paris.fr\/medica\/blog\/index.php\/wp-json\/wp\/v2\/categories?post=7663"},{"taxonomy":"post_tag","embeddable":true,"href":"https:\/\/numerabilis.u-paris.fr\/medica\/blog\/index.php\/wp-json\/wp\/v2\/tags?post=7663"}],"curies":[{"name":"wp","href":"https:\/\/api.w.org\/{rel}","templated":true}]}}