{"id":7695,"date":"2015-04-16T14:24:48","date_gmt":"2015-04-16T12:24:48","guid":{"rendered":"https:\/\/numerabilis.u-paris.fr\/medica\/blog\/?p=7695"},"modified":"2015-04-16T14:27:14","modified_gmt":"2015-04-16T12:27:14","slug":"conference-edouard-fuster","status":"publish","type":"post","link":"https:\/\/numerabilis.u-paris.fr\/medica\/blog\/index.php\/conference-edouard-fuster\/","title":{"rendered":"Conf\u00e9rence autour d&rsquo;Edouard Fuster"},"content":{"rendered":"<p>Le <strong>vendredi 17 avril<\/strong>, de 16 h \u00e0 18 h,\u00a0<strong>Isabelle Lespinet-Moret<\/strong> (universit\u00e9 Paris Ouest) et\u00a0<strong>Raymond Dartevelle <\/strong> (universit\u00e9 Paris 1 Panth\u00e9on Sorbonne) donneront une conf\u00e9rence sur le th\u00e8me :<\/p>\n<p><em><strong>\u00ab <strong><em>Autour de l\u2019enseignement et de l\u2019expertise d\u2019\u00c9douard Fuster, professeur au Coll\u00e8ge de France\u00a0: un acteur de l\u2019assurance, de la pr\u00e9voyance et de l\u2019assistance dans les r\u00e9seaux de la \u00ab\u00a0science sociale\u00a0(1890-1930)<\/em><\/strong>\u00a0\u00bb<\/strong><\/em><\/p>\n<p><em><strong><img loading=\"lazy\" decoding=\"async\" class=\"aligncenter size-full wp-image-7550\" title=\"bandeau_une\" src=\"https:\/\/numerabilis.u-paris.fr\/medica\/blog\/wp-content\/uploads\/bandeau_une.jpg\" alt=\"\" width=\"600\" height=\"135\" srcset=\"https:\/\/numerabilis.u-paris.fr\/medica\/blog\/wp-content\/uploads\/bandeau_une.jpg 600w, https:\/\/numerabilis.u-paris.fr\/medica\/blog\/wp-content\/uploads\/bandeau_une-300x67.jpg 300w\" sizes=\"(max-width: 709px) 85vw, (max-width: 909px) 67vw, (max-width: 984px) 61vw, (max-width: 1362px) 45vw, 600px\" \/><\/strong><\/em>Cette s\u00e9ance du s\u00e9minaire de <a title=\"IDHE\" href=\"http:\/\/www.idhe.cnrs.fr\/\" target=\"_blank\">l&rsquo;IDHES-CNRS<\/a> se tiendra dans la salle Picard 3 \u00e0 l&rsquo;universit\u00e9 Paris 1, 17, rue de la Sorbonne (<em>galerie Rollin \u00e0 gauche, au fond, escalier C, 3<sup>e<\/sup> \u00e9tage, couloir \u00e0 droite, salle tout au fond<\/em>).<\/p>\n<blockquote><p>Contemporain de l\u2019ing\u00e9nieur social \u00c9mile Cheysson (1836-1810) et du sociologue Maurice Halbwachs (1877-1945), \u00c9douard Fuster (1869-1935) qui fut professeur au Coll\u00e8ge de France de 1916 \u00e0 1935 reste encore un acteur m\u00e9connu. \u00c9voqu\u00e9 par les sp\u00e9cialistes de l\u2019\u00e9tude de la \u00ab\u00a0n\u00e9buleuse r\u00e9formatrice\u00a0\u00bb (C. Topalov) des ann\u00e9es 1880-1914, le parcours professionnel et scientifique de celui qui fut tr\u00e8s impliqu\u00e9, d\u00e8s avant la Grande Guerre, dans les r\u00e9seaux r\u00e9formateurs, n\u00e9cessite de nouvelles recherches.<\/p>\n<p>Proche des milieux industriels et lib\u00e9raux du Mus\u00e9e social, les collaborations institutionnelles d\u2019\u00c9douard Fuster sont nombreuses, du secr\u00e9tariat g\u00e9n\u00e9ral du Comit\u00e9 permanent des assurances sociales \u00e0 celui de l\u2019Alliance d\u2019hygi\u00e8ne sociale et de l\u2019Association fran\u00e7aise des assurances sociales.\u00a0\u00c0 ce titre, il conduit des enqu\u00eates internationales et comparatives, notamment avec l\u2019Allemagne et l\u2019Autriche, en mati\u00e8re de statistiques (accidents du travail), d\u2019analyse des l\u00e9gislations et syst\u00e8mes de protection sociale (retraites, maladies, invalidit\u00e9s, notamment), d\u2019hygi\u00e8ne publique (dispensaires), de pr\u00e9vention (physiologie du travail), de logement (habitations ouvri\u00e8res) et de politique familiale. De telle sorte qu\u2019il est consid\u00e9r\u00e9 au m\u00eame titre que les ing\u00e9nieurs des mines, disciples de Le Play, \u00c9douard Gruner (1849-1933), dont il est tr\u00e8s proche, et Maurice Bellom (1865-1919), comme un expert de ces questions.\u00a0\u00c0 ce titre il a b\u00e9n\u00e9fici\u00e9 de la cr\u00e9ation d\u2019une chaire au Coll\u00e8ge de France sp\u00e9cifiquement consacr\u00e9e \u00e0 un enseignement de la pr\u00e9voyance et de l\u2019assistance sociale.<\/p>\n<p>Outre les enqu\u00eates et travaux scientifiques, l\u2019enseignement d\u2019\u00c9douard Fuster constitue un deuxi\u00e8me axe de recherche et de r\u00e9flexion. Les th\u00e9matiques de ses cours, dans le cadre du Coll\u00e8ge de France puis \u00e0 l\u2019\u00c9cole des hautes \u00e9tudes urbaines d\u00e8s sa cr\u00e9ation en 1919 \u2013 elle est rattach\u00e9e \u00e0 l\u2019universit\u00e9 de Paris en 1924 \u2013, sont significatifs de l\u2019\u00e9clectisme de la pens\u00e9e, de l\u2019\u00e9tendue du champ de r\u00e9flexion d\u2019\u00c9douard Fuster, de son implication dans le large spectre des sciences sociales et dans le d\u00e9bat \u00e9pist\u00e9mologique sur la place de l\u2019assurance au c\u0153ur de la science sociale.<\/p>\n<p>Dans le sillage des sociologues qui enqu\u00eatent sur les pathologies urbaines (cf. M. Halbwachs) et alors que se d\u00e9veloppe au lendemain de la Grande Guerre, la cr\u00e9ation d\u2019Instituts d\u2019universit\u00e9 plus en prise avec l\u2019environnement \u00e9conomique et industriel, \u00c9douard Fuster fait un enseignement sur\u00a0\u00ab\u00a0l\u2019organisation sociale de la ville\u00a0\u00bb. Cette fonction le situe aussi dans le r\u00e9seau des penseurs de la ville et de l\u2019urbanisme face aux enjeux de la modernit\u00e9.\u00a0\u00bb<\/p><\/blockquote>\n<p>Contact : <a href=\"m&#97;&#105;&#x6c;&#x74;o:&#114;&#97;&#x79;&#x6d;on&#100;&#46;&#x64;&#x61;rt&#101;&#x76;&#x65;&#x6c;l&#101;&#64;&#x67;&#x6d;&#x61;i&#108;&#46;&#x63;&#x6f;&#x6d;\" target=\"_blank\">&#x72;&#97;&#x79;&#x6d;&#111;&#x6e;&#x64;&#46;&#x64;&#x61;&#114;&#x74;&#x65;v&#x65;&#x6c;l&#x65;&#64;g&#x6d;&#97;i&#x6c;&#46;c&#x6f;&#109;<\/a> et <a href=\"&#x6d;&#97;&#x69;&#x6c;&#116;&#x6f;&#58;m&#x61;&#114;g&#x61;&#105;r&#x61;&#122;&#46;&#x6d;&#105;&#x63;&#x68;&#101;&#x6c;&#x40;&#111;&#x72;&#97;n&#x67;&#101;&#46;&#x66;&#114;\" target=\"_blank\">m&#97;&#x72;&#x67;a&#105;&#x72;&#x61;z&#46;&#x6d;&#x69;c&#104;&#x65;&#x6c;&#64;&#111;&#x72;&#x61;n&#103;&#101;&#x2e;&#x66;r<\/a><\/p>\n<p>Vous trouverez la pr\u00e9sentation et le programme complet du s\u00e9minaire sur le site de l&rsquo;IDHES-CNRS :<\/p>\n<p><a href=\"http:\/\/www.idhe.cnrs.fr\/\" target=\"_blank\">http:\/\/www.idhe.cnrs.fr<\/a> (voir s\u00e9minaires de recherche &#8211; Paris 1)<\/p>\n<div id=\"schema_block\" class=\"schema_event\"><div itemscope itemtype=\"http:\/\/schema.org\/EducationEvent\"><a class=\"schema_url\" target=\"_blank\" itemprop=\"url\" href=\"http:\/\/www.idhe.cnrs.fr\"><div class=\"schema_name\" itemprop=\"name\">Autour de l\u2019enseignement et de l\u2019expertise d\u2019\u00c9douard Fuster, professeur au Coll\u00e8ge de France : un acteur de l\u2019assurance, de la pr\u00e9voyance et de l\u2019assistance dans les r\u00e9seaux de la \u00ab science sociale (1890-1930)<\/div><\/a><div><meta itemprop=\"startDate\" content=\"2015-04-17T16:00\">Debut: 04\/17\/2015 04:00 pm<\/div><\/div><div itemprop=\"address\" itemscope itemtype=\"http:\/\/schema.org\/PostalAddress\"><div class=\"street\" itemprop=\"streetAddress\">17, rue de la Sorbonne<\/div><div class=\"city_state\"><span class=\"locale\" itemprop=\"addressLocality\">Paris<\/span>,<span class=\"region\" itemprop=\"addressRegion\"> \u00cele-de-France<\/span><\/div><div class=\"postalcode\" itemprop=\"postalCode\">75005<\/div><div class=\"country\" itemprop=\"addressCountry\">FR<\/div><\/div><\/div>\n","protected":false},"excerpt":{"rendered":"<p>Le vendredi 17 avril, de 16 h \u00e0 18 h,\u00a0Isabelle Lespinet-Moret (universit\u00e9 Paris Ouest) et\u00a0Raymond Dartevelle (universit\u00e9 Paris 1 Panth\u00e9on Sorbonne) donneront une conf\u00e9rence sur le th\u00e8me : \u00ab Autour de l\u2019enseignement et de l\u2019expertise d\u2019\u00c9douard Fuster, professeur au Coll\u00e8ge de France\u00a0: un acteur de l\u2019assurance, de la pr\u00e9voyance et de l\u2019assistance dans les r\u00e9seaux &hellip; <a href=\"https:\/\/numerabilis.u-paris.fr\/medica\/blog\/index.php\/conference-edouard-fuster\/\" class=\"more-link\">Continuer la lecture<span class=\"screen-reader-text\"> de &laquo;&nbsp;Conf\u00e9rence autour d&rsquo;Edouard Fuster&nbsp;&raquo;<\/span><\/a><\/p>\n","protected":false},"author":1,"featured_media":0,"comment_status":"open","ping_status":"open","sticky":false,"template":"","format":"standard","meta":{"_monsterinsights_skip_tracking":false,"_monsterinsights_sitenote_active":false,"_monsterinsights_sitenote_note":"","_monsterinsights_sitenote_category":0,"footnotes":""},"categories":[14],"tags":[23],"class_list":["post-7695","post","type-post","status-publish","format-standard","hentry","category-medecine-odontologie","tag-conference"],"_links":{"self":[{"href":"https:\/\/numerabilis.u-paris.fr\/medica\/blog\/index.php\/wp-json\/wp\/v2\/posts\/7695"}],"collection":[{"href":"https:\/\/numerabilis.u-paris.fr\/medica\/blog\/index.php\/wp-json\/wp\/v2\/posts"}],"about":[{"href":"https:\/\/numerabilis.u-paris.fr\/medica\/blog\/index.php\/wp-json\/wp\/v2\/types\/post"}],"author":[{"embeddable":true,"href":"https:\/\/numerabilis.u-paris.fr\/medica\/blog\/index.php\/wp-json\/wp\/v2\/users\/1"}],"replies":[{"embeddable":true,"href":"https:\/\/numerabilis.u-paris.fr\/medica\/blog\/index.php\/wp-json\/wp\/v2\/comments?post=7695"}],"version-history":[{"count":6,"href":"https:\/\/numerabilis.u-paris.fr\/medica\/blog\/index.php\/wp-json\/wp\/v2\/posts\/7695\/revisions"}],"predecessor-version":[{"id":7701,"href":"https:\/\/numerabilis.u-paris.fr\/medica\/blog\/index.php\/wp-json\/wp\/v2\/posts\/7695\/revisions\/7701"}],"wp:attachment":[{"href":"https:\/\/numerabilis.u-paris.fr\/medica\/blog\/index.php\/wp-json\/wp\/v2\/media?parent=7695"}],"wp:term":[{"taxonomy":"category","embeddable":true,"href":"https:\/\/numerabilis.u-paris.fr\/medica\/blog\/index.php\/wp-json\/wp\/v2\/categories?post=7695"},{"taxonomy":"post_tag","embeddable":true,"href":"https:\/\/numerabilis.u-paris.fr\/medica\/blog\/index.php\/wp-json\/wp\/v2\/tags?post=7695"}],"curies":[{"name":"wp","href":"https:\/\/api.w.org\/{rel}","templated":true}]}}