{"id":7717,"date":"2015-04-27T14:00:35","date_gmt":"2015-04-27T12:00:35","guid":{"rendered":"https:\/\/numerabilis.u-paris.fr\/medica\/blog\/?p=7717"},"modified":"2015-04-24T17:07:44","modified_gmt":"2015-04-24T15:07:44","slug":"expo-bord-mondes","status":"publish","type":"post","link":"https:\/\/numerabilis.u-paris.fr\/medica\/blog\/index.php\/expo-bord-mondes\/","title":{"rendered":"Exposition : le bord des mondes"},"content":{"rendered":"<p>Plus que quelques jours pour visiter l&rsquo;exposition <a title=\"Expo Le bord des mondes\" href=\"http:\/\/www.palaisdetokyo.com\/fr\/le-bord-des-mondes\" target=\"_blank\">Le bord des mondes<\/a>, au <strong>palais de Tokyo<\/strong>.<\/p>\n<p>Ouverte depuis le 16 f\u00e9vrier, elle fermera ses portes le <strong>17 mai 2015<\/strong>.<\/p>\n<blockquote><p>Peut-on faire des \u0153uvres qui ne soient pas \u00abd\u2019art\u00bb ? C\u2019est en s\u2019interrogeant avec Duchamp sur l\u2019essence de la cr\u00e9ation et ses territoires que le Palais de Tokyo explore les mondes interstitiels, \u00e0 la lisi\u00e8re de l\u2019art, de la cr\u00e9ation et de l\u2019invention.<\/p><\/blockquote>\n<p>La BIU Sant\u00e9 a \u00e9t\u00e9 sollicit\u00e9e pour pr\u00eater l&rsquo;un de ses exemplaires de la fameuse planche de <a title=\"Jacques Gautier d'Agoty\" href=\"http:\/\/www2.biusante.parisdescartes.fr\/bio\/?cle=11188\" target=\"_blank\"><strong>Jacques Gautier d\u2019Agoty<\/strong><\/a> (1716-1785), <em>l\u2019Ange anatomique<\/em>, grav\u00e9e en 1746 pour la <a title=\"Myologie compl\u00e8te...\" href=\"http:\/\/www2.biusante.parisdescartes.fr\/livanc\/?do=livre&amp;cote=00641\" target=\"_blank\"><em>Myologie compl\u00e8te en couleurs et grandeur naturelle<\/em><\/a> (disponible gratuitement en ligne dans notre biblioth\u00e8que num\u00e9rique <a title=\"Medic@\" href=\"https:\/\/www.biusante.parisdescartes.fr\/histmed\/medica.htm\" target=\"_blank\"><em>Medic@<\/em><\/a>).<\/p>\n<p><img loading=\"lazy\" decoding=\"async\" class=\"aligncenter size-full wp-image-7722\" title=\"ange\" src=\"https:\/\/numerabilis.u-paris.fr\/medica\/blog\/wp-content\/uploads\/ange.jpg\" alt=\"\" width=\"700\" height=\"916\" srcset=\"https:\/\/numerabilis.u-paris.fr\/medica\/blog\/wp-content\/uploads\/ange.jpg 700w, https:\/\/numerabilis.u-paris.fr\/medica\/blog\/wp-content\/uploads\/ange-229x300.jpg 229w\" sizes=\"(max-width: 709px) 85vw, (max-width: 909px) 67vw, (max-width: 984px) 61vw, (max-width: 1362px) 45vw, 600px\" \/><\/p>\n<p>Un des premiers exemples de gravure en couleur, proc\u00e9d\u00e9 mis au point par <strong>Jacques-Christophe Le Blon<\/strong> vers 1710, et perfectionn\u00e9 par Gautier D\u2019Agoty qui, en rajoutant une plaque de cuivre pour le noir, invente la <strong>quadrichromie<\/strong>.<\/p>\n<p>D&rsquo;autres documents en rapport avec la m\u00e9decine ont \u00e9galement \u00e9t\u00e9 pr\u00eat\u00e9s par d&rsquo;autres institutions : une photographie de <strong>Guillaume Duchenne de Boulogne<\/strong> (<em>contraction \u00e9lectrique des peauciers&#8230;<\/em> 1876, \u00c9cole nationale sup\u00e9rieure des beaux-arts de Paris), feuille d&rsquo;observation de <strong>Jean-Martin Charcot<\/strong> (1862, BUPMC)&#8230;<\/p>\n<p style=\"text-align: right;\"><a title=\"Adresse Estelle Lambert\" href=\"&#x6d;&#x61;&#105;l&#x74;&#x6f;&#58;es&#x74;&#x65;&#108;l&#x65;&#x2e;&#108;&#97;m&#x62;&#x65;&#114;t&#x40;&#x62;&#105;&#117;s&#x61;&#x6e;&#116;e&#x2e;&#x70;&#97;&#114;i&#x73;&#x64;&#101;s&#x63;&#x61;&#114;&#116;e&#x73;&#x2e;&#102;r\" target=\"_blank\">Estelle Lambert<\/a><\/p>\n<div id=\"schema_block\" class=\"schema_event\"><div itemscope itemtype=\"http:\/\/schema.org\/EducationEvent\"><a class=\"schema_url\" target=\"_blank\" itemprop=\"url\" href=\"http:\/\/www.palaisdetokyo.com\/fr\/le-bord-des-mondes\"><div class=\"schema_name\" itemprop=\"name\">Le bord des mondes<\/div><\/a><div><meta itemprop=\"startDate\" content=\"2015-02-16\">Debut: 02\/16\/2015<\/div><div><meta itemprop=\"endDate\" content=\"2015-05-17:00.000\">Fin: 05\/17\/2015<\/div><\/div><div itemprop=\"address\" itemscope itemtype=\"http:\/\/schema.org\/PostalAddress\"><div class=\"street\" itemprop=\"streetAddress\">13, avenue du Pr\u00e9sident-Wilson<\/div><div class=\"city_state\"><span class=\"locale\" itemprop=\"addressLocality\">Paris<\/span>,<span class=\"region\" itemprop=\"addressRegion\"> \u00cele-de-France<\/span><\/div><div class=\"postalcode\" itemprop=\"postalCode\">75116<\/div><div class=\"country\" itemprop=\"addressCountry\">FR<\/div><\/div><\/div>\n","protected":false},"excerpt":{"rendered":"<p>Plus que quelques jours pour visiter l&rsquo;exposition Le bord des mondes, au palais de Tokyo. Ouverte depuis le 16 f\u00e9vrier, elle fermera ses portes le 17 mai 2015. Peut-on faire des \u0153uvres qui ne soient pas \u00abd\u2019art\u00bb ? C\u2019est en s\u2019interrogeant avec Duchamp sur l\u2019essence de la cr\u00e9ation et ses territoires que le Palais de &hellip; <a href=\"https:\/\/numerabilis.u-paris.fr\/medica\/blog\/index.php\/expo-bord-mondes\/\" class=\"more-link\">Continuer la lecture<span class=\"screen-reader-text\"> de &laquo;&nbsp;Exposition : le bord des mondes&nbsp;&raquo;<\/span><\/a><\/p>\n","protected":false},"author":1,"featured_media":0,"comment_status":"open","ping_status":"open","sticky":false,"template":"","format":"standard","meta":{"_monsterinsights_skip_tracking":false,"_monsterinsights_sitenote_active":false,"_monsterinsights_sitenote_note":"","_monsterinsights_sitenote_category":0,"footnotes":""},"categories":[7],"tags":[55,10],"class_list":["post-7717","post","type-post","status-publish","format-standard","hentry","category-histoiresante","tag-18e-s","tag-exposition"],"_links":{"self":[{"href":"https:\/\/numerabilis.u-paris.fr\/medica\/blog\/index.php\/wp-json\/wp\/v2\/posts\/7717"}],"collection":[{"href":"https:\/\/numerabilis.u-paris.fr\/medica\/blog\/index.php\/wp-json\/wp\/v2\/posts"}],"about":[{"href":"https:\/\/numerabilis.u-paris.fr\/medica\/blog\/index.php\/wp-json\/wp\/v2\/types\/post"}],"author":[{"embeddable":true,"href":"https:\/\/numerabilis.u-paris.fr\/medica\/blog\/index.php\/wp-json\/wp\/v2\/users\/1"}],"replies":[{"embeddable":true,"href":"https:\/\/numerabilis.u-paris.fr\/medica\/blog\/index.php\/wp-json\/wp\/v2\/comments?post=7717"}],"version-history":[{"count":13,"href":"https:\/\/numerabilis.u-paris.fr\/medica\/blog\/index.php\/wp-json\/wp\/v2\/posts\/7717\/revisions"}],"predecessor-version":[{"id":7743,"href":"https:\/\/numerabilis.u-paris.fr\/medica\/blog\/index.php\/wp-json\/wp\/v2\/posts\/7717\/revisions\/7743"}],"wp:attachment":[{"href":"https:\/\/numerabilis.u-paris.fr\/medica\/blog\/index.php\/wp-json\/wp\/v2\/media?parent=7717"}],"wp:term":[{"taxonomy":"category","embeddable":true,"href":"https:\/\/numerabilis.u-paris.fr\/medica\/blog\/index.php\/wp-json\/wp\/v2\/categories?post=7717"},{"taxonomy":"post_tag","embeddable":true,"href":"https:\/\/numerabilis.u-paris.fr\/medica\/blog\/index.php\/wp-json\/wp\/v2\/tags?post=7717"}],"curies":[{"name":"wp","href":"https:\/\/api.w.org\/{rel}","templated":true}]}}