{"id":7745,"date":"2015-04-28T14:00:05","date_gmt":"2015-04-28T12:00:05","guid":{"rendered":"https:\/\/numerabilis.u-paris.fr\/medica\/blog\/?p=7745"},"modified":"2015-04-24T19:20:47","modified_gmt":"2015-04-24T17:20:47","slug":"revue-histoire-difficulte","status":"publish","type":"post","link":"https:\/\/numerabilis.u-paris.fr\/medica\/blog\/index.php\/revue-histoire-difficulte\/","title":{"rendered":"La revue L&rsquo;Histoire en difficult\u00e9"},"content":{"rendered":"<p>Une fois n&rsquo;est pas coutume, nous relayons un appel concernant la revue <strong>L&rsquo;Histoire<\/strong>, qui partage les pr\u00e9occupations de la BIU Sant\u00e9 pour la diffusion de <strong>l\u2019histoire des sciences<\/strong> :<\/p>\n<p>\u00ab\u00a0Chers coll\u00e8gues, chers amis,<\/p>\n<p>L\u2019association des \u00ab\u00a0<em>Amis de la revue L\u2019Histoire<\/em>\u00a0\u00bb s&rsquo;est constitu\u00e9e pour la d\u00e9fense de la revue <strong><em>L&rsquo;Histoire<\/em><\/strong> : son identit\u00e9, son mod\u00e8le \u00e9conomique, son ind\u00e9pendance r\u00e9dactionnelle, son d\u00e9veloppement.<\/p>\n<p>Maurice Szafran, Thierry Verret et Gilles Gramat en avril 2014, rejoints \u00e0 l&rsquo;automne 2014 par Claude Perdriel, se sont port\u00e9 acqu\u00e9reurs de <strong>Sophia Publications<\/strong>, petit groupe de presse qui r\u00e9unit <em>L&rsquo;Histoire, Le Magazine litt\u00e9raire, La Recherche <\/em>et <em>Historia<\/em>. En janvier 2015, ils ont soudainement plac\u00e9 la soci\u00e9t\u00e9 en <strong>redressement judiciaire<\/strong>. La situation de la presse culturelle sp\u00e9cialis\u00e9e, comme celle de la presse dans son ensemble, est certes difficile. Des plans sociaux ont \u00e9t\u00e9 mis en \u0153uvre dans de nombreuses r\u00e9dactions. Le redressement judiciaire, lui, est rarissime. Cette proc\u00e9dure nous inqui\u00e8te et nous choque.<\/p>\n<p>La revue r\u00e9siste pourtant plut\u00f4t bien \u00e0 la crise : elle compte plus de <strong>40.000 abonn\u00e9s<\/strong> exceptionnellement fid\u00e8les. Ses ventes en kiosque r\u00e9sistent aux temp\u00eates actuelles, fruit, nous le pensons, d&rsquo;une politique \u00e9ditoriale cons\u00e9quente. Son mod\u00e8le \u00e9conomique est viable.<\/p>\n<p style=\"text-align: center;\"><img loading=\"lazy\" decoding=\"async\" class=\"aligncenter size-full wp-image-7756\" style=\"border: 1px solid black;\" title=\"histoire\" src=\"https:\/\/numerabilis.u-paris.fr\/medica\/blog\/wp-content\/uploads\/histoire.jpg\" alt=\"\" width=\"600\" height=\"384\" srcset=\"https:\/\/numerabilis.u-paris.fr\/medica\/blog\/wp-content\/uploads\/histoire.jpg 600w, https:\/\/numerabilis.u-paris.fr\/medica\/blog\/wp-content\/uploads\/histoire-300x192.jpg 300w\" sizes=\"(max-width: 709px) 85vw, (max-width: 909px) 67vw, (max-width: 984px) 61vw, (max-width: 1362px) 45vw, 600px\" \/><\/p>\n<p>Forte du travail d\u2019une r\u00e9daction dirig\u00e9e par <strong>Val\u00e9rie Hannin<\/strong>, de celui de son comit\u00e9 scientifique et de son r\u00e9seau de correspondants, elle offre une articulation sans \u00e9quivalent entre les recherches universitaires internationales les plus r\u00e9centes et le grand public cultiv\u00e9. <em>L&rsquo;Histoire<\/em> joue notamment un r\u00f4le essentiel dans la diffusion de la recherche et du savoir aupr\u00e8s des professeurs, des \u00e9tudiants, des \u00e9l\u00e8ves des classes pr\u00e9paratoires et elle est la seule \u00e0 le faire.<\/p>\n<p>Ce travail en direction du <strong>grand public<\/strong> s\u2019appuie sur une relation \u00e9troite avec les auteurs, sur une offre iconographique, cartographique et infographique abondante, qui sont au c\u0153ur de son identit\u00e9 et contribuent \u00e0 son succ\u00e8s. Des partenariats historiques (<em>Rendez-vous <\/em>de Blois, Festival du film d\u2019histoire de Pessac, <em>La Fabrique de L\u2019Histoire<\/em> sur France Culture) et d\u2019autres ponctuels (co-\u00e9ditions avec des journaux comme <em>Marianne, Les \u00c9chos<\/em>, ou <em>Paris-Match<\/em>, des maisons d&rsquo;\u00e9dition comme Dargaud, Fayard, Le Seuil, des mus\u00e9es et des institutions culturelles vari\u00e9es) assurent sa notori\u00e9t\u00e9 et son rayonnement. Gr\u00e2ce aux efforts fournis par la r\u00e9daction les ann\u00e9es pr\u00e9c\u00e9dentes, le site web attire 130.000 visites par mois. Des relais solides.<\/p>\n<p>Nous sommes attach\u00e9s \u00e0 cette r\u00e9ussite et aux moyens de la p\u00e9renniser dans un contexte en \u00e9volution. Rejoignez-nous nombreux au sein de <em>l\u2019association des Amis de la revue <\/em>L\u2019Histoire.<\/p>\n<p><strong>Aidez-nous \u00e0 la faire conna\u00eetre en diffusant le plus largement possible ce message, et le lien vers <a title=\"Page Facebook L'Histoire\" href=\"https:\/\/www.facebook.com\/pages\/Amis-de-la-revue-LHistoire\/1481949402066022\" target=\"_blank\">la page <em>Facebook<\/em><\/a><\/strong>.<strong><br \/>\n<\/strong><\/p>\n<p>Pour adh\u00e9rer :<br \/>\n&#8211; Merci de bien vouloir envoyer un mail \u00e0 notre adresse <a title=\"Adresse Amis revue L'Histoire\" href=\"&#109;a&#x69;l&#x74;&#111;&#x3a;&#97;&#x6d;&#105;s&#x64;e&#x6c;&#97;&#x72;&#101;&#x76;&#117;&#x65;&#108;h&#x69;s&#x74;&#111;&#x69;&#114;&#x65;&#64;g&#x6d;a&#x69;&#108;&#x2e;&#99;&#x6f;&#109;\" target=\"_blank\">&#x61;&#109;&#x69;&#x73;&#100;&#x65;&#108;a&#x72;&#101;v&#x75;&#101;l&#x68;&#105;s&#x74;&#111;&#x69;&#x72;&#101;&#x40;&#x67;&#109;&#x61;&#105;l&#x2e;&#99;o&#x6d;<\/a> pour y laisser vos coordonn\u00e9es<br \/>\n&#8211; Et merci \u00e9galement d&rsquo;envoyer votre cotisation (20 euros) au si\u00e8ge de l&rsquo;association, chez Patrick Boucheron, 123 quai de Valmy, 75010 Paris (ch\u00e8que \u00e0 l&rsquo;ordre de \u00ab\u00a0Association les amis de la revue L&rsquo;Histoire\u00a0\u00bb)<\/p>\n<p>Michel Winock (Pr\u00e9sident), Patrick Boucheron (Secr\u00e9taire g\u00e9n\u00e9ral), C\u00e9cile Rey (tr\u00e9sori\u00e8re).\u00a0\u00bb<\/p>\n","protected":false},"excerpt":{"rendered":"<p>Une fois n&rsquo;est pas coutume, nous relayons un appel concernant la revue L&rsquo;Histoire, qui partage les pr\u00e9occupations de la BIU Sant\u00e9 pour la diffusion de l\u2019histoire des sciences : \u00ab\u00a0Chers coll\u00e8gues, chers amis, L\u2019association des \u00ab\u00a0Amis de la revue L\u2019Histoire\u00a0\u00bb s&rsquo;est constitu\u00e9e pour la d\u00e9fense de la revue L&rsquo;Histoire : son identit\u00e9, son mod\u00e8le \u00e9conomique, &hellip; <a href=\"https:\/\/numerabilis.u-paris.fr\/medica\/blog\/index.php\/revue-histoire-difficulte\/\" class=\"more-link\">Continuer la lecture<span class=\"screen-reader-text\"> de &laquo;&nbsp;La revue L&rsquo;Histoire en difficult\u00e9&nbsp;&raquo;<\/span><\/a><\/p>\n","protected":false},"author":1,"featured_media":0,"comment_status":"open","ping_status":"open","sticky":false,"template":"","format":"standard","meta":{"_monsterinsights_skip_tracking":false,"_monsterinsights_sitenote_active":false,"_monsterinsights_sitenote_note":"","_monsterinsights_sitenote_category":0,"footnotes":""},"categories":[7],"tags":[168,36],"class_list":["post-7745","post","type-post","status-publish","format-standard","hentry","category-histoiresante","tag-edition","tag-revues"],"_links":{"self":[{"href":"https:\/\/numerabilis.u-paris.fr\/medica\/blog\/index.php\/wp-json\/wp\/v2\/posts\/7745"}],"collection":[{"href":"https:\/\/numerabilis.u-paris.fr\/medica\/blog\/index.php\/wp-json\/wp\/v2\/posts"}],"about":[{"href":"https:\/\/numerabilis.u-paris.fr\/medica\/blog\/index.php\/wp-json\/wp\/v2\/types\/post"}],"author":[{"embeddable":true,"href":"https:\/\/numerabilis.u-paris.fr\/medica\/blog\/index.php\/wp-json\/wp\/v2\/users\/1"}],"replies":[{"embeddable":true,"href":"https:\/\/numerabilis.u-paris.fr\/medica\/blog\/index.php\/wp-json\/wp\/v2\/comments?post=7745"}],"version-history":[{"count":11,"href":"https:\/\/numerabilis.u-paris.fr\/medica\/blog\/index.php\/wp-json\/wp\/v2\/posts\/7745\/revisions"}],"predecessor-version":[{"id":7759,"href":"https:\/\/numerabilis.u-paris.fr\/medica\/blog\/index.php\/wp-json\/wp\/v2\/posts\/7745\/revisions\/7759"}],"wp:attachment":[{"href":"https:\/\/numerabilis.u-paris.fr\/medica\/blog\/index.php\/wp-json\/wp\/v2\/media?parent=7745"}],"wp:term":[{"taxonomy":"category","embeddable":true,"href":"https:\/\/numerabilis.u-paris.fr\/medica\/blog\/index.php\/wp-json\/wp\/v2\/categories?post=7745"},{"taxonomy":"post_tag","embeddable":true,"href":"https:\/\/numerabilis.u-paris.fr\/medica\/blog\/index.php\/wp-json\/wp\/v2\/tags?post=7745"}],"curies":[{"name":"wp","href":"https:\/\/api.w.org\/{rel}","templated":true}]}}