{"id":7802,"date":"2015-05-13T13:37:52","date_gmt":"2015-05-13T11:37:52","guid":{"rendered":"https:\/\/numerabilis.u-paris.fr\/medica\/blog\/?p=7802"},"modified":"2015-05-13T13:37:52","modified_gmt":"2015-05-13T11:37:52","slug":"theatre-ancien-malade-hopitaux-paris","status":"publish","type":"post","link":"https:\/\/numerabilis.u-paris.fr\/medica\/blog\/index.php\/theatre-ancien-malade-hopitaux-paris\/","title":{"rendered":"Ancien malade des h\u00f4pitaux de Paris"},"content":{"rendered":"<p>Une fois n&rsquo;est pas coutume, parlons maintenant <strong>th\u00e9\u00e2tre<\/strong>.<\/p>\n<p>Plus pr\u00e9cis\u00e9ment de la pi\u00e8ce \u00ab <strong><em>Ancien malade des h\u00f4pitaux de Paris<\/em> <\/strong>\u00bb.<\/p>\n<p><img loading=\"lazy\" decoding=\"async\" class=\"alignright size-full wp-image-7854\" title=\"affiche20150309182026\" src=\"https:\/\/numerabilis.u-paris.fr\/medica\/blog\/wp-content\/uploads\/affiche20150309182026.jpg\" alt=\"\" width=\"210\" height=\"315\" srcset=\"https:\/\/numerabilis.u-paris.fr\/medica\/blog\/wp-content\/uploads\/affiche20150309182026.jpg 210w, https:\/\/numerabilis.u-paris.fr\/medica\/blog\/wp-content\/uploads\/affiche20150309182026-200x300.jpg 200w\" sizes=\"(max-width: 210px) 85vw, 210px\" \/>Interpr\u00e9t\u00e9e par <strong>Olivier Saladin<\/strong>, et mise en sc\u00e8ne par <strong>Benjamin Guillard<\/strong>, elle est tir\u00e9e du petit <a title=\"Ancien malade... sur Wikip\u00e9dia\" href=\"http:\/\/fr.wikipedia.org\/wiki\/Ancien_malade_des_h%C3%B4pitaux_de_Paris\" target=\"_blank\">roman \u00e9ponyme de <strong>Daniel Pennac<\/strong><\/a>, paru en 2015.<\/p>\n<p>On y suit les tribulations tragi-comiques du docteur Galvan, jeune m\u00e9decin obnubil\u00e9 par sa future carte de visite, durant une nuit de garde dans un h\u00f4pital parisien. Nuit de garde qui s&rsquo;av\u00e9rera particuli\u00e8re, pour cause de patient peu ordinaire. Autour de ce malade vont se croiser toutes les sp\u00e9cialit\u00e9s m\u00e9dicales &#8211; via des personnages tous incarn\u00e9s par Olivier Saladin. Une pi\u00e8ce pleine de rebondissements et de chutes inattendues (dans tous les sens du terme).<\/p>\n<p>La pi\u00e8ce est repr\u00e9sent\u00e9e jusqu&rsquo;au <strong>13 juin 2015<\/strong> au <strong>Th\u00e9\u00e2tre de l&rsquo;Atelier \u00e0 Paris<\/strong>.<\/p>\n<p><iframe loading=\"lazy\" src=\"https:\/\/www.youtube.com\/embed\/5O82IITQcLI?rel=0\" frameborder=\"0\" width=\"640\" height=\"360\"><\/iframe><\/p>\n<h2>En savoir plus<\/h2>\n<p><a title=\"Th\u00e9\u00e2tre de l'Atelier\" href=\"http:\/\/www.theatre-atelier.com\/spectacle-ancien-malade-des-hopitaux-de-paris-de-daniel-pennac-duree-1h15-106.htm\" target=\"_blank\">Site du Th\u00e9\u00e2tre de l&rsquo;Atelier pr\u00e9sentant la pi\u00e8ce<\/a><\/p>\n<div id=\"schema_block\" class=\"schema_event\"><div itemscope itemtype=\"http:\/\/schema.org\/TheaterEvent\"><a class=\"schema_url\" target=\"_blank\" itemprop=\"url\" href=\"http:\/\/www.theatre-atelier.com\/spectacle-ancien-malade-des-hopitaux-de-paris-de-daniel-pennac-duree-1h15-106.htm\"><div class=\"schema_name\" itemprop=\"name\">Ancien malade des h\u00f4pitaux de Paris<\/div><\/a><div><meta itemprop=\"endDate\" content=\"2015-06-13:00.000\">Fin: 06\/13\/2015<\/div><\/div><div itemprop=\"address\" itemscope itemtype=\"http:\/\/schema.org\/PostalAddress\"><div class=\"street\" itemprop=\"streetAddress\">1, place Charles-Dullin<\/div><div class=\"city_state\"><span class=\"locale\" itemprop=\"addressLocality\">Paris<\/span>,<span class=\"region\" itemprop=\"addressRegion\"> \u00cele-de-France<\/span><\/div><div class=\"postalcode\" itemprop=\"postalCode\">75018<\/div><div class=\"country\" itemprop=\"addressCountry\">FR<\/div><\/div><\/div>\n","protected":false},"excerpt":{"rendered":"<p>Une fois n&rsquo;est pas coutume, parlons maintenant th\u00e9\u00e2tre. Plus pr\u00e9cis\u00e9ment de la pi\u00e8ce \u00ab Ancien malade des h\u00f4pitaux de Paris \u00bb. Interpr\u00e9t\u00e9e par Olivier Saladin, et mise en sc\u00e8ne par Benjamin Guillard, elle est tir\u00e9e du petit roman \u00e9ponyme de Daniel Pennac, paru en 2015. On y suit les tribulations tragi-comiques du docteur Galvan, jeune &hellip; <a href=\"https:\/\/numerabilis.u-paris.fr\/medica\/blog\/index.php\/theatre-ancien-malade-hopitaux-paris\/\" class=\"more-link\">Continuer la lecture<span class=\"screen-reader-text\"> de &laquo;&nbsp;Ancien malade des h\u00f4pitaux de Paris&nbsp;&raquo;<\/span><\/a><\/p>\n","protected":false},"author":1,"featured_media":0,"comment_status":"open","ping_status":"open","sticky":false,"template":"","format":"standard","meta":{"_monsterinsights_skip_tracking":false,"_monsterinsights_sitenote_active":false,"_monsterinsights_sitenote_note":"","_monsterinsights_sitenote_category":0,"footnotes":""},"categories":[14],"tags":[228],"class_list":["post-7802","post","type-post","status-publish","format-standard","hentry","category-medecine-odontologie","tag-spectacle"],"_links":{"self":[{"href":"https:\/\/numerabilis.u-paris.fr\/medica\/blog\/index.php\/wp-json\/wp\/v2\/posts\/7802"}],"collection":[{"href":"https:\/\/numerabilis.u-paris.fr\/medica\/blog\/index.php\/wp-json\/wp\/v2\/posts"}],"about":[{"href":"https:\/\/numerabilis.u-paris.fr\/medica\/blog\/index.php\/wp-json\/wp\/v2\/types\/post"}],"author":[{"embeddable":true,"href":"https:\/\/numerabilis.u-paris.fr\/medica\/blog\/index.php\/wp-json\/wp\/v2\/users\/1"}],"replies":[{"embeddable":true,"href":"https:\/\/numerabilis.u-paris.fr\/medica\/blog\/index.php\/wp-json\/wp\/v2\/comments?post=7802"}],"version-history":[{"count":16,"href":"https:\/\/numerabilis.u-paris.fr\/medica\/blog\/index.php\/wp-json\/wp\/v2\/posts\/7802\/revisions"}],"predecessor-version":[{"id":7863,"href":"https:\/\/numerabilis.u-paris.fr\/medica\/blog\/index.php\/wp-json\/wp\/v2\/posts\/7802\/revisions\/7863"}],"wp:attachment":[{"href":"https:\/\/numerabilis.u-paris.fr\/medica\/blog\/index.php\/wp-json\/wp\/v2\/media?parent=7802"}],"wp:term":[{"taxonomy":"category","embeddable":true,"href":"https:\/\/numerabilis.u-paris.fr\/medica\/blog\/index.php\/wp-json\/wp\/v2\/categories?post=7802"},{"taxonomy":"post_tag","embeddable":true,"href":"https:\/\/numerabilis.u-paris.fr\/medica\/blog\/index.php\/wp-json\/wp\/v2\/tags?post=7802"}],"curies":[{"name":"wp","href":"https:\/\/api.w.org\/{rel}","templated":true}]}}