{"id":7808,"date":"2015-05-11T09:56:35","date_gmt":"2015-05-11T07:56:35","guid":{"rendered":"https:\/\/numerabilis.u-paris.fr\/medica\/blog\/?p=7808"},"modified":"2016-04-28T11:45:45","modified_gmt":"2016-04-28T09:45:45","slug":"fermeture-jeudi-14-mai-2015","status":"publish","type":"post","link":"https:\/\/numerabilis.u-paris.fr\/medica\/blog\/index.php\/fermeture-jeudi-14-mai-2015\/","title":{"rendered":"Fermeture du jeudi 14 mai"},"content":{"rendered":"<p>La BIU Sant\u00e9 sera ferm\u00e9e le <strong>jeudi 14 mai<\/strong>, jour f\u00e9ri\u00e9 (<em>jeudi de l&rsquo;Ascension<\/em>).<\/p>\n<p>Mais elle sera ouverte normalement le vendredi 15 et le samedi 16 mai (<em>attention, le p\u00f4le Pharmacie demeure ferm\u00e9 le samedi pour cause de plan Vigipirate<\/em>).<\/p>\n<p><img loading=\"lazy\" decoding=\"async\" class=\"aligncenter size-full wp-image-4918\" title=\"Folio_184r_-_The_Ascension2\" src=\"https:\/\/numerabilis.u-paris.fr\/medica\/blog\/wp-content\/uploads\/Folio_184r_-_The_Ascension2.jpg\" alt=\"\" width=\"650\" height=\"569\" srcset=\"https:\/\/numerabilis.u-paris.fr\/medica\/blog\/wp-content\/uploads\/Folio_184r_-_The_Ascension2.jpg 650w, https:\/\/numerabilis.u-paris.fr\/medica\/blog\/wp-content\/uploads\/Folio_184r_-_The_Ascension2-300x262.jpg 300w\" sizes=\"(max-width: 709px) 85vw, (max-width: 909px) 67vw, (max-width: 984px) 61vw, (max-width: 1362px) 45vw, 600px\" \/><\/p>\n<p>L&rsquo;occasion de (re)d\u00e9couvrir nos services en ligne, disponibles <strong>7 jours sur 7 et 24\/24h<\/strong> :<\/p>\n<p>Pour les <em>historiens<\/em>, en <strong>acc\u00e8s libre<\/strong> : la biblioth\u00e8que num\u00e9rique <em><a href=\"https:\/\/www.biusante.parisdescartes.fr\/\/histmed\/medica.htm\" target=\"_blank\">Medic@<\/a><\/em>, la <a title=\"Banque d'images BIU Sant\u00e9\" href=\"http:\/\/www2.biusante.parisdescartes.fr\/img\/\" target=\"_blank\">Banque d&rsquo;images et de portraits<\/a> et pourquoi pas une petite visite du c\u00f4t\u00e9 des <a href=\"https:\/\/www.biusante.parisdescartes.fr\/histmed\/expos.htm\" target=\"_blank\">expositions virtuelles<\/a>.<\/p>\n<p>Pour les <em>lecteurs de Paris Descartes<\/em>, les <strong>bases de donn\u00e9es<\/strong> en <a href=\"http:\/\/www2.biusante.parisdescartes.fr\/signets\/index.las?specif=bdd&amp;acces=payant&amp;med=oui&amp;tri=alp\" target=\"_blank\">m\u00e9decine<\/a> ou en <a href=\"http:\/\/www2.biusante.parisdescartes.fr\/signets_pha\/index.las?specif=bdd&amp;acces=payant&amp;pha=oui&amp;tri=alp\" target=\"_blank\">pharmacie<\/a>, les <a href=\"http:\/\/www2.biusante.parisdescartes.fr\/perio\/perio_pay.htm\" target=\"_blank\">revues \u00e9lectroniques<\/a> et les <strong>livres \u00e9lectroniques<\/strong> en <a href=\"http:\/\/www2.biusante.parisdescartes.fr\/signets\/index.las?specif=livelec&amp;acces=payant&amp;med=oui&amp;tri=alp&amp;form=o\" target=\"_blank\">m\u00e9decine<\/a> ou en <a href=\"http:\/\/www2.biusante.parisdescartes.fr\/signets_pha\/index.las?specif=livelec&amp;acces=payant&amp;pha=oui&amp;tri=alp&amp;form=o\" target=\"_blank\">pharmacie<\/a>.<\/p>\n","protected":false},"excerpt":{"rendered":"<p>La BIU Sant\u00e9 sera ferm\u00e9e le jeudi 14 mai, jour f\u00e9ri\u00e9 (jeudi de l&rsquo;Ascension). Mais elle sera ouverte normalement le vendredi 15 et le samedi 16 mai (attention, le p\u00f4le Pharmacie demeure ferm\u00e9 le samedi pour cause de plan Vigipirate). L&rsquo;occasion de (re)d\u00e9couvrir nos services en ligne, disponibles 7 jours sur 7 et 24\/24h : &hellip; <a href=\"https:\/\/numerabilis.u-paris.fr\/medica\/blog\/index.php\/fermeture-jeudi-14-mai-2015\/\" class=\"more-link\">Continuer la lecture<span class=\"screen-reader-text\"> de &laquo;&nbsp;Fermeture du jeudi 14 mai&nbsp;&raquo;<\/span><\/a><\/p>\n","protected":false},"author":1,"featured_media":0,"comment_status":"open","ping_status":"open","sticky":false,"template":"","format":"standard","meta":{"_monsterinsights_skip_tracking":false,"_monsterinsights_sitenote_active":false,"_monsterinsights_sitenote_note":"","_monsterinsights_sitenote_category":0,"footnotes":""},"categories":[7,15],"tags":[43],"class_list":["post-7808","post","type-post","status-publish","format-standard","hentry","category-histoiresante","category-pharmacie-biologie-cosmetologie","tag-acces"],"_links":{"self":[{"href":"https:\/\/numerabilis.u-paris.fr\/medica\/blog\/index.php\/wp-json\/wp\/v2\/posts\/7808"}],"collection":[{"href":"https:\/\/numerabilis.u-paris.fr\/medica\/blog\/index.php\/wp-json\/wp\/v2\/posts"}],"about":[{"href":"https:\/\/numerabilis.u-paris.fr\/medica\/blog\/index.php\/wp-json\/wp\/v2\/types\/post"}],"author":[{"embeddable":true,"href":"https:\/\/numerabilis.u-paris.fr\/medica\/blog\/index.php\/wp-json\/wp\/v2\/users\/1"}],"replies":[{"embeddable":true,"href":"https:\/\/numerabilis.u-paris.fr\/medica\/blog\/index.php\/wp-json\/wp\/v2\/comments?post=7808"}],"version-history":[{"count":6,"href":"https:\/\/numerabilis.u-paris.fr\/medica\/blog\/index.php\/wp-json\/wp\/v2\/posts\/7808\/revisions"}],"predecessor-version":[{"id":10389,"href":"https:\/\/numerabilis.u-paris.fr\/medica\/blog\/index.php\/wp-json\/wp\/v2\/posts\/7808\/revisions\/10389"}],"wp:attachment":[{"href":"https:\/\/numerabilis.u-paris.fr\/medica\/blog\/index.php\/wp-json\/wp\/v2\/media?parent=7808"}],"wp:term":[{"taxonomy":"category","embeddable":true,"href":"https:\/\/numerabilis.u-paris.fr\/medica\/blog\/index.php\/wp-json\/wp\/v2\/categories?post=7808"},{"taxonomy":"post_tag","embeddable":true,"href":"https:\/\/numerabilis.u-paris.fr\/medica\/blog\/index.php\/wp-json\/wp\/v2\/tags?post=7808"}],"curies":[{"name":"wp","href":"https:\/\/api.w.org\/{rel}","templated":true}]}}