{"id":7970,"date":"2015-05-19T14:16:57","date_gmt":"2015-05-19T12:16:57","guid":{"rendered":"https:\/\/numerabilis.u-paris.fr\/medica\/blog\/?p=7970"},"modified":"2015-05-20T10:32:14","modified_gmt":"2015-05-20T08:32:14","slug":"prochaine-seance-shp-10-juin","status":"publish","type":"post","link":"https:\/\/numerabilis.u-paris.fr\/medica\/blog\/index.php\/prochaine-seance-shp-10-juin\/","title":{"rendered":"Prochaine s\u00e9ance de la SHP le 10 juin"},"content":{"rendered":"<p>Le <strong>mercredi 10 juin 2015 <\/strong>se tiendra la prochaine s\u00e9ance de la <a href=\"http:\/\/www.shp-asso.org\/\" target=\"_blank\">Soci\u00e9t\u00e9 d&rsquo;histoire de la pharmacie<\/a> (<em>entr\u00e9e libre<\/em>), sous la pr\u00e9sidence du Professeur <strong>Olivier Lafont<\/strong>.<\/p>\n<p>Elle aura lieu en <strong>salle des Actes de la facult\u00e9 de Pharmacie de Paris, \u00e0 16h30<\/strong>.<\/p>\n<p><strong>\u00c0 l&rsquo;ordre du jour :<\/strong><\/p>\n<p>1) <strong>Accueil<\/strong> par le pr\u00e9sident.<br \/>\n2) <strong>Informations<\/strong> du secr\u00e9taire g\u00e9n\u00e9ral.<br \/>\n3) <strong>Communications<\/strong> :<\/p>\n<ul>\n<li><strong>Thierry Lefebvre<\/strong> et <strong>C\u00e9cile Raynal<\/strong> : Le laboratoire du Lact\u00e9ol du Dr Pierre Boucard (15 min).<\/li>\n<li><strong>Clotilde Maisonnier<\/strong> : De la pharmacie Lhopitallier au mus\u00e9e Carnavalet (15 min). <a title=\"Th\u00e8se Maisonnier\" href=\"https:\/\/www.biusante.parisdescartes.fr\/histmed\/asclepiades\/maisonnier_2013.htm\" target=\"_blank\">Consulter dans notre rubrique <em>Ascl\u00e9piades<\/em> la th\u00e8se de Mme Maisonnier sur le sujet en cliquant ici<\/a>.<\/li>\n<\/ul>\n<p><a href=\"https:\/\/www.biusante.parisdescartes.fr\/histmed\/image?impharma_num0032\"><img loading=\"lazy\" decoding=\"async\" class=\"aligncenter size-full wp-image-8063\" title=\"impharma_num0032\" src=\"https:\/\/numerabilis.u-paris.fr\/medica\/blog\/wp-content\/uploads\/impharma_num0032.jpg\" alt=\"\" width=\"600\" height=\"381\" srcset=\"https:\/\/numerabilis.u-paris.fr\/medica\/blog\/wp-content\/uploads\/impharma_num0032.jpg 600w, https:\/\/numerabilis.u-paris.fr\/medica\/blog\/wp-content\/uploads\/impharma_num0032-300x190.jpg 300w\" sizes=\"(max-width: 709px) 85vw, (max-width: 909px) 67vw, (max-width: 984px) 61vw, (max-width: 1362px) 45vw, 600px\" \/><\/a><\/p>\n<ul>\n<li><strong>Josette Fournier<\/strong> : Charles M\u00e9ni\u00e8re (1816-1887), pharmacien et historien des pharmaciens d&rsquo;Angers (15 min).<\/li>\n<\/ul>\n<p><a title=\"Portrait de M\u00e9ni\u00e8re\" href=\"https:\/\/www.biusante.parisdescartes.fr\/histmed\/image?CIPB1557\" target=\"_blank\"><img loading=\"lazy\" decoding=\"async\" class=\"aligncenter size-full wp-image-7982\" title=\"meniere\" src=\"https:\/\/numerabilis.u-paris.fr\/medica\/blog\/wp-content\/uploads\/meniere.jpg\" alt=\"\" width=\"616\" height=\"1000\" srcset=\"https:\/\/numerabilis.u-paris.fr\/medica\/blog\/wp-content\/uploads\/meniere.jpg 616w, https:\/\/numerabilis.u-paris.fr\/medica\/blog\/wp-content\/uploads\/meniere-184x300.jpg 184w\" sizes=\"(max-width: 709px) 85vw, (max-width: 909px) 67vw, (max-width: 984px) 61vw, (max-width: 1362px) 45vw, 600px\" \/><\/a><\/p>\n<ul>\n<li><strong>Olivier Lafont<\/strong> : Les appareils de laboratoire au fil d&rsquo;une \u00e9dition rouennaise des <em>\u00c9l\u00e9ments de Chymie<\/em> de Maistre Jean Beguin (1550-1620) (15 min).<\/li>\n<\/ul>\n<p><strong>Date<\/strong> : <strong>10 juin 2015 \u00e0 16h30.<\/strong><\/p>\n<p><strong>Lieu<\/strong> : salle des Actes de la facult\u00e9 de Pharmacie de Paris (4, avenue de l&rsquo;Observatoire, 75006 Paris), l&rsquo;entr\u00e9e est libre.<\/p>\n<p>Si vous souhaitez assister \u00e0 cette r\u00e9union, vous pouvez contacter la <a href=\"http:\/\/www.shp-asso.org\/index.php?PAGE=contact\" target=\"_blank\">Soci\u00e9t\u00e9 d&rsquo;histoire de la pharmacie<\/a>.<\/p>\n<p>Prochaines s\u00e9ances :<\/p>\n<ul>\n<li>Mercredi <strong>18 novembre 2015<\/strong> : journ\u00e9e consacr\u00e9e \u00e0 Nicolas L\u00e9mery, en collaboration avec le Club d\u02bchistoire de la chimie.<\/li>\n<li>Samedi <strong>12 d\u00e9cembre 2015<\/strong> : assembl\u00e9e g\u00e9n\u00e9rale.<\/li>\n<\/ul>\n<p>&nbsp;<\/p>\n<p><!--more--><\/p>\n<div id=\"schema_block\" class=\"schema_event\"><div itemscope itemtype=\"http:\/\/schema.org\/Event\"><div class=\"schema_name\" itemprop=\"name\">S\u00e9ance de la SHP<\/div><div class=\"schema_description\" itemprop=\"description\">Soci\u00e9t\u00e9 d&#039;histoire de la pharmacie<\/div><div><meta itemprop=\"startDate\" content=\"2015-06-10T16:30\">Debut: 06\/10\/2015 04:30 pm<\/div><\/div><div itemprop=\"address\" itemscope itemtype=\"http:\/\/schema.org\/PostalAddress\"><div class=\"street\" itemprop=\"streetAddress\">4, avenue de l'Observatoire<\/div><div class=\"city_state\"><span class=\"locale\" itemprop=\"addressLocality\">Paris<\/span><\/div><div class=\"postalcode\" itemprop=\"postalCode\">75006<\/div><div class=\"country\" itemprop=\"addressCountry\">FR<\/div><\/div><\/div>\n","protected":false},"excerpt":{"rendered":"<p>Le mercredi 10 juin 2015 se tiendra la prochaine s\u00e9ance de la Soci\u00e9t\u00e9 d&rsquo;histoire de la pharmacie (entr\u00e9e libre), sous la pr\u00e9sidence du Professeur Olivier Lafont. Elle aura lieu en salle des Actes de la facult\u00e9 de Pharmacie de Paris, \u00e0 16h30. \u00c0 l&rsquo;ordre du jour : 1) Accueil par le pr\u00e9sident. 2) Informations du &hellip; <a href=\"https:\/\/numerabilis.u-paris.fr\/medica\/blog\/index.php\/prochaine-seance-shp-10-juin\/\" class=\"more-link\">Continuer la lecture<span class=\"screen-reader-text\"> de &laquo;&nbsp;Prochaine s\u00e9ance de la SHP le 10 juin&nbsp;&raquo;<\/span><\/a><\/p>\n","protected":false},"author":1,"featured_media":0,"comment_status":"open","ping_status":"open","sticky":false,"template":"","format":"standard","meta":{"_monsterinsights_skip_tracking":false,"_monsterinsights_sitenote_active":false,"_monsterinsights_sitenote_note":"","_monsterinsights_sitenote_category":0,"footnotes":""},"categories":[7,15],"tags":[12],"class_list":["post-7970","post","type-post","status-publish","format-standard","hentry","category-histoiresante","category-pharmacie-biologie-cosmetologie","tag-histoire-de-la-pharmacie"],"_links":{"self":[{"href":"https:\/\/numerabilis.u-paris.fr\/medica\/blog\/index.php\/wp-json\/wp\/v2\/posts\/7970"}],"collection":[{"href":"https:\/\/numerabilis.u-paris.fr\/medica\/blog\/index.php\/wp-json\/wp\/v2\/posts"}],"about":[{"href":"https:\/\/numerabilis.u-paris.fr\/medica\/blog\/index.php\/wp-json\/wp\/v2\/types\/post"}],"author":[{"embeddable":true,"href":"https:\/\/numerabilis.u-paris.fr\/medica\/blog\/index.php\/wp-json\/wp\/v2\/users\/1"}],"replies":[{"embeddable":true,"href":"https:\/\/numerabilis.u-paris.fr\/medica\/blog\/index.php\/wp-json\/wp\/v2\/comments?post=7970"}],"version-history":[{"count":16,"href":"https:\/\/numerabilis.u-paris.fr\/medica\/blog\/index.php\/wp-json\/wp\/v2\/posts\/7970\/revisions"}],"predecessor-version":[{"id":8064,"href":"https:\/\/numerabilis.u-paris.fr\/medica\/blog\/index.php\/wp-json\/wp\/v2\/posts\/7970\/revisions\/8064"}],"wp:attachment":[{"href":"https:\/\/numerabilis.u-paris.fr\/medica\/blog\/index.php\/wp-json\/wp\/v2\/media?parent=7970"}],"wp:term":[{"taxonomy":"category","embeddable":true,"href":"https:\/\/numerabilis.u-paris.fr\/medica\/blog\/index.php\/wp-json\/wp\/v2\/categories?post=7970"},{"taxonomy":"post_tag","embeddable":true,"href":"https:\/\/numerabilis.u-paris.fr\/medica\/blog\/index.php\/wp-json\/wp\/v2\/tags?post=7970"}],"curies":[{"name":"wp","href":"https:\/\/api.w.org\/{rel}","templated":true}]}}