{"id":8283,"date":"2015-06-02T14:00:16","date_gmt":"2015-06-02T12:00:16","guid":{"rendered":"https:\/\/numerabilis.u-paris.fr\/medica\/blog\/?p=8283"},"modified":"2015-06-02T14:12:13","modified_gmt":"2015-06-02T12:12:13","slug":"rencontre-ecrivains-medecins-2015","status":"publish","type":"post","link":"https:\/\/numerabilis.u-paris.fr\/medica\/blog\/index.php\/rencontre-ecrivains-medecins-2015\/","title":{"rendered":"Rencontre avec les \u00e9crivains m\u00e9decins"},"content":{"rendered":"<p>Dans le cadre de son salon de printemps du livre d\u00e9dicac\u00e9, le <a title=\"GEM\" href=\"http:\/\/www.ecrivains-medecins.fr\/\" target=\"_blank\"><strong>Groupement des \u00e9crivains m\u00e9decins<\/strong><\/a> organise une rencontre avec son public le <strong>13 juin 2015<\/strong> au caf\u00e9 <strong><em>Le Procope<\/em><\/strong> (15h00-19h00) 13, rue de l&rsquo;Ancienne-Com\u00e9die Paris VIe.<\/p>\n<p><img loading=\"lazy\" decoding=\"async\" class=\"aligncenter size-full wp-image-8287\" title=\"gem\" src=\"https:\/\/numerabilis.u-paris.fr\/medica\/blog\/wp-content\/uploads\/gem.gif\" alt=\"\" width=\"706\" height=\"142\" srcset=\"https:\/\/numerabilis.u-paris.fr\/medica\/blog\/wp-content\/uploads\/gem.gif 706w, https:\/\/numerabilis.u-paris.fr\/medica\/blog\/wp-content\/uploads\/gem-300x60.gif 300w\" sizes=\"(max-width: 709px) 85vw, (max-width: 909px) 67vw, (max-width: 984px) 61vw, (max-width: 1362px) 45vw, 600px\" \/><\/p>\n<p>Une vingtaine d&rsquo;auteurs seront pr\u00e9sents pour d\u00e9dicacer leurs ouvrages (<em>sous r\u00e9serve de confirmation<\/em>) :<\/p>\n<p>Les professeurs :<\/p>\n<ul>\n<li>GERMAIN Michel (Acad\u00e9mie nationale de chirurgie)<\/li>\n<li>GODEAU Pierre (Acad\u00e9mie nationale de m\u00e9decine)<\/li>\n<li>TURPIN Jean-Claude<\/li>\n<li>ZEITOUN Paul<\/li>\n<\/ul>\n<p>Les docteurs :<\/p>\n<ul>\n<li>ANGELI-BESSON Corinne<\/li>\n<li>BAUMAN Nicole<\/li>\n<li>CAPORAL Roger<\/li>\n<li>CHABANNE Jean-Marie<\/li>\n<li>CHOUKROUN Pierre-Louis (prix Littr\u00e9 2013)<\/li>\n<li>DEL FRANCO Giovanni<\/li>\n<li>DESAULTY Alain<\/li>\n<li>DESLIGNIERES Sharon<\/li>\n<li>DORISON V\u00e9ronique<\/li>\n<li>FABRE Andr\u00e9 (prix G.E.M.-AMPLI DE L\u2019ESSAI 2013)<\/li>\n<li>KOURILSKY Olivier (prix Littr\u00e9 2010)<\/li>\n<li>LABAYLE Denis (prix Littr\u00e9 2003)<\/li>\n<li>LE DOUAREC Philippe<\/li>\n<li>LOUIS Jean<\/li>\n<li>MARCASTEL Florence<\/li>\n<li>MARTINI Eric (\u00e9ditions Glyphe)<\/li>\n<li>NO\u00cbL Roland<\/li>\n<li>OMEJKANE Yves Robert<\/li>\n<li>PLANCHON Claude-Alain<\/li>\n<li>PFERSDORFF Arnault<\/li>\n<li>PODCHLEBNIK Mireille<\/li>\n<li>ROUSSEAU-CHEVEAU Marie\u2013F\u00e9licie<\/li>\n<li>SANDEAU Jacques<\/li>\n<li>SENNINGER Franck (prix Littr\u00e9 2000)<\/li>\n<li>ZENATTI Claude<\/li>\n<\/ul>\n<p>Le chirurgien-dentiste :<\/p>\n<ul>\n<li>BELGRAND Jean-Louis<\/li>\n<\/ul>\n<p>Les membres amis du GEM :<\/p>\n<ul>\n<li>CHOQUET Marie-Christine (infirmi\u00e8re)<\/li>\n<li>LESOEURS Guy\u00a0 (psychologue)<\/li>\n<\/ul>\n<p>M\u00e9decin venant de l\u2019\u00c9tranger<strong> <\/strong>:<\/p>\n<ul>\n<li>DE COSTA Caroline (Australie)<\/li>\n<li>KITOVA Vera (Bulgarie)<\/li>\n<\/ul>\n<p><span style=\"text-decoration: underline;\">Renseignements et inscriptions<\/span> : Mme Liane Beaufils, 37, rue de Chaillot 75116 Paris, 06-18-44-85-31, <a title=\"Adresse Eliane Beaufils\" href=\"&#109;&#x61;&#105;&#x6c;t&#x6f;:&#101;&#x6c;&#105;&#x61;n&#x65;&#46;&#98;&#x65;&#97;&#x75;f&#x69;l&#115;&#x40;&#103;&#x6d;a&#x69;l&#46;&#x63;&#111;&#x6d;\" target=\"_blank\">&#101;&#108;&#x69;a&#110;&#x65;&#x2e;b&#101;&#x61;&#x75;f&#105;&#x6c;&#x73;&#64;&#103;&#x6d;&#x61;i&#108;&#x2e;&#x63;o&#109;<\/a><\/p>\n<h2>En savoir plus<\/h2>\n<p><a title=\"GEM\" href=\"http:\/\/www.ecrivains-medecins.fr\/\" target=\"_blank\">Le Groupement des \u00e9crivains m\u00e9decins<\/a><\/p>\n<p><a title=\"Affiche salon GEM\" href=\"http:\/\/www.ecrivains-medecins.fr\/activites\/GEM-Salon-2015-06-13.pdf\" target=\"_blank\">Affiche du salon<\/a><\/p>\n<p><a title=\"Livres GEM\" href=\"http:\/\/www.ecrivains-medecins.fr\/membres\/gem-livres.htm\" target=\"_blank\">Livres r\u00e9cemment publi\u00e9s par les membres du GEM<\/a><\/p>\n<div id=\"schema_block\" class=\"schema_event\"><div itemscope itemtype=\"http:\/\/schema.org\/LiteraryEvent\"><a class=\"schema_url\" target=\"_blank\" itemprop=\"url\" href=\"http:\/\/www.ecrivains-medecins.fr\/\"><div class=\"schema_name\" itemprop=\"name\">Salon de printemps du livre d\u00e9dicac\u00e9 du groupement des \u00e9crivains m\u00e9decins<\/div><\/a><div><meta itemprop=\"startDate\" content=\"2015-06-13T15:00\">Debut: 06\/13\/2015 03:00 pm<\/div><\/div><div itemprop=\"address\" itemscope itemtype=\"http:\/\/schema.org\/PostalAddress\"><div class=\"street\" itemprop=\"streetAddress\">13, rue de l\u2019Ancienne-Com\u00e9die <\/div><div class=\"city_state\"><span class=\"locale\" itemprop=\"addressLocality\">Paris<\/span>,<span class=\"region\" itemprop=\"addressRegion\"> \u00cele-de-France<\/span><\/div><div class=\"postalcode\" itemprop=\"postalCode\">75006<\/div><div class=\"country\" itemprop=\"addressCountry\">FR<\/div><\/div><\/div>\n<p>&nbsp;<\/p>\n","protected":false},"excerpt":{"rendered":"<p>Dans le cadre de son salon de printemps du livre d\u00e9dicac\u00e9, le Groupement des \u00e9crivains m\u00e9decins organise une rencontre avec son public le 13 juin 2015 au caf\u00e9 Le Procope (15h00-19h00) 13, rue de l&rsquo;Ancienne-Com\u00e9die Paris VIe. Une vingtaine d&rsquo;auteurs seront pr\u00e9sents pour d\u00e9dicacer leurs ouvrages (sous r\u00e9serve de confirmation) : Les professeurs : GERMAIN &hellip; <a href=\"https:\/\/numerabilis.u-paris.fr\/medica\/blog\/index.php\/rencontre-ecrivains-medecins-2015\/\" class=\"more-link\">Continuer la lecture<span class=\"screen-reader-text\"> de &laquo;&nbsp;Rencontre avec les \u00e9crivains m\u00e9decins&nbsp;&raquo;<\/span><\/a><\/p>\n","protected":false},"author":1,"featured_media":0,"comment_status":"open","ping_status":"open","sticky":false,"template":"","format":"standard","meta":{"_monsterinsights_skip_tracking":false,"_monsterinsights_sitenote_active":false,"_monsterinsights_sitenote_note":"","_monsterinsights_sitenote_category":0,"footnotes":""},"categories":[7,14],"tags":[230],"class_list":["post-8283","post","type-post","status-publish","format-standard","hentry","category-histoiresante","category-medecine-odontologie","tag-salon"],"_links":{"self":[{"href":"https:\/\/numerabilis.u-paris.fr\/medica\/blog\/index.php\/wp-json\/wp\/v2\/posts\/8283"}],"collection":[{"href":"https:\/\/numerabilis.u-paris.fr\/medica\/blog\/index.php\/wp-json\/wp\/v2\/posts"}],"about":[{"href":"https:\/\/numerabilis.u-paris.fr\/medica\/blog\/index.php\/wp-json\/wp\/v2\/types\/post"}],"author":[{"embeddable":true,"href":"https:\/\/numerabilis.u-paris.fr\/medica\/blog\/index.php\/wp-json\/wp\/v2\/users\/1"}],"replies":[{"embeddable":true,"href":"https:\/\/numerabilis.u-paris.fr\/medica\/blog\/index.php\/wp-json\/wp\/v2\/comments?post=8283"}],"version-history":[{"count":6,"href":"https:\/\/numerabilis.u-paris.fr\/medica\/blog\/index.php\/wp-json\/wp\/v2\/posts\/8283\/revisions"}],"predecessor-version":[{"id":8289,"href":"https:\/\/numerabilis.u-paris.fr\/medica\/blog\/index.php\/wp-json\/wp\/v2\/posts\/8283\/revisions\/8289"}],"wp:attachment":[{"href":"https:\/\/numerabilis.u-paris.fr\/medica\/blog\/index.php\/wp-json\/wp\/v2\/media?parent=8283"}],"wp:term":[{"taxonomy":"category","embeddable":true,"href":"https:\/\/numerabilis.u-paris.fr\/medica\/blog\/index.php\/wp-json\/wp\/v2\/categories?post=8283"},{"taxonomy":"post_tag","embeddable":true,"href":"https:\/\/numerabilis.u-paris.fr\/medica\/blog\/index.php\/wp-json\/wp\/v2\/tags?post=8283"}],"curies":[{"name":"wp","href":"https:\/\/api.w.org\/{rel}","templated":true}]}}