{"id":8315,"date":"2015-06-12T12:45:40","date_gmt":"2015-06-12T10:45:40","guid":{"rendered":"https:\/\/numerabilis.u-paris.fr\/medica\/blog\/?p=8315"},"modified":"2015-07-09T14:46:49","modified_gmt":"2015-07-09T12:46:49","slug":"ouvertures-estivales-bu-sante-2015","status":"publish","type":"post","link":"https:\/\/numerabilis.u-paris.fr\/medica\/blog\/index.php\/ouvertures-estivales-bu-sante-2015\/","title":{"rendered":"Ouvertures estivales des BU Sant\u00e9"},"content":{"rendered":"<p>Comme tous les ans \u00e0 l&rsquo;approche de l&rsquo;\u00e9t\u00e9, la BIU Sant\u00e9 vous propose <a title=\"Horaires \u00e9t\u00e9 BU Sant\u00e9\" href=\"https:\/\/numerabilis.u-paris.fr\/medica\/blog\/wp-content\/uploads\/ouvertures-fermetures-bu-sante.pdf\" target=\"_blank\">la liste des biblioth\u00e8ques de sant\u00e9 d&rsquo;\u00cele-de-France ouvertes pendant les vacances<\/a>.<\/p>\n<p><a title=\"Horaires \u00e9t\u00e9 BU Sant\u00e9\" href=\"https:\/\/numerabilis.u-paris.fr\/medica\/blog\/wp-content\/uploads\/ouvertures-fermetures-bu-sante.pdf\" target=\"_blank\">Dans le fichier \u00e0 t\u00e9l\u00e9charger \u00e0 l&rsquo;adresse habituelle<\/a>, vous trouverez :<\/p>\n<p>&#8211; la liste des <strong>biblioth\u00e8ques de sant\u00e9 de Paris et d&rsquo;\u00cele-de-France<\/strong>, class\u00e9es par universit\u00e9 ;<\/p>\n<p>&#8211; leurs dates \u00e9ventuelles de <strong>fermeture<\/strong> entre juin et septembre ;<\/p>\n<p>&#8211; les <strong>changements d&rsquo;horaires<\/strong> pour cette p\u00e9riode.<\/p>\n<p><em><strong>Merci de nous signaler toute erreur ou omission.<\/strong><\/em><\/p>\n<p>Pour un r\u00e9sum\u00e9 plus graphique des fermetures, <a title=\"Fermetures \u00e9t\u00e9\" href=\"https:\/\/numerabilis.u-paris.fr\/medica\/blog\/wp-content\/uploads\/ouvertures-estivales-2015.pdf\" target=\"_blank\">t\u00e9l\u00e9chargez le fichier \u00e9labor\u00e9 par Guillaume Delaunay, de la BUPMC<\/a>.<\/p>\n<h2>En ce qui concerne la BIU Sant\u00e9 :<\/h2>\n<p>&#8211; le <strong>p\u00f4le M\u00e9decine<\/strong> (<em>12, rue de l&rsquo;\u00c9cole-de-M\u00e9decine<\/em>) <strong>demeurera ouvert tout l&rsquo;\u00e9t\u00e9<\/strong> (sauf samedis en ao\u00fbt, ainsi que les jours f\u00e9ri\u00e9s du 14 juillet et du 15 ao\u00fbt), <em>avec des horaires r\u00e9duits (10h-18h) du 3 au 14 ao\u00fbt inclus<\/em> ; attention, fermeture exceptionnelle du samedi 4 au mercredi 8 juillet (12h) ;<\/p>\n<p>&#8211; le <strong>p\u00f4le Pharmacie<\/strong> (<em>4, avenue de l&rsquo;Observatoire<\/em>) sera<strong> ferm\u00e9 du 25 juillet au 23 ao\u00fbt inclus<\/strong>. Il fonctionnera en <em>horaires r\u00e9duits (10h-18h) du lundi 29 juin au vendredi 24 juillet et du lundi 24 au vendredi 28 ao\u00fbt inclus<\/em>. La salle Fialon demeure ferm\u00e9e tout l&rsquo;\u00e9t\u00e9 ;<\/p>\n<p>&#8211; le <strong>p\u00f4le Histoire<\/strong> du <em>12, rue de l&rsquo;\u00c9cole-de-M\u00e9decine<\/em> <strong>sera ferm\u00e9 du 1er au 16 ao\u00fbt inclus<\/strong> (ainsi que les samedis de juillet et ao\u00fbt).<\/p>\n<p id=\"stcpDiv\">En compl\u00e9ment, nous vous rappelons que <a title=\"BIUMInfo\" href=\"https:\/\/www.biusante.parisdescartes.fr\/biuminfo\/\" target=\"_blank\">notre service de questions-r\u00e9ponses en ligne (gratuit !) BIUMInfo<\/a> restera lui aussi ouvert tout l\u2019\u00e9t\u00e9.<\/p>\n<p><a title=\"Soleil\" href=\"https:\/\/www.biusante.parisdescartes.fr\/histmed\/image?00075\" target=\"_blank\"><img loading=\"lazy\" decoding=\"async\" class=\"aligncenter size-full wp-image-8317\" title=\"00075\" src=\"https:\/\/numerabilis.u-paris.fr\/medica\/blog\/wp-content\/uploads\/00075.jpg\" alt=\"\" width=\"674\" height=\"1000\" srcset=\"https:\/\/numerabilis.u-paris.fr\/medica\/blog\/wp-content\/uploads\/00075.jpg 674w, https:\/\/numerabilis.u-paris.fr\/medica\/blog\/wp-content\/uploads\/00075-202x300.jpg 202w\" sizes=\"(max-width: 709px) 85vw, (max-width: 909px) 67vw, (max-width: 984px) 61vw, (max-width: 1362px) 45vw, 600px\" \/><\/a><\/p>\n<p><em>Pendant l&rsquo;\u00e9t\u00e9, pensez \u00e0 vous prot\u00e9ger du soleil !<\/em> Image issue de notre <a title=\"Banque d'images BIU Sant\u00e9\" href=\"http:\/\/www2.biusante.parisdescartes.fr\/img\/\" target=\"_blank\">banque d&rsquo;images et de portraits<\/a> \u2013 <em>plus de 178 000 illustrations t\u00e9l\u00e9chargeables librement<\/em>.<\/p>\n<p><strong><em>La BIU Sant\u00e9 vous souhaite de bonnes vacances, en attendant de vous revoir en nombre \u00e0 la rentr\u00e9e.<\/em><\/strong><\/p>\n","protected":false},"excerpt":{"rendered":"<p>Comme tous les ans \u00e0 l&rsquo;approche de l&rsquo;\u00e9t\u00e9, la BIU Sant\u00e9 vous propose la liste des biblioth\u00e8ques de sant\u00e9 d&rsquo;\u00cele-de-France ouvertes pendant les vacances. Dans le fichier \u00e0 t\u00e9l\u00e9charger \u00e0 l&rsquo;adresse habituelle, vous trouverez : &#8211; la liste des biblioth\u00e8ques de sant\u00e9 de Paris et d&rsquo;\u00cele-de-France, class\u00e9es par universit\u00e9 ; &#8211; leurs dates \u00e9ventuelles de &hellip; <a href=\"https:\/\/numerabilis.u-paris.fr\/medica\/blog\/index.php\/ouvertures-estivales-bu-sante-2015\/\" class=\"more-link\">Continuer la lecture<span class=\"screen-reader-text\"> de &laquo;&nbsp;Ouvertures estivales des BU Sant\u00e9&nbsp;&raquo;<\/span><\/a><\/p>\n","protected":false},"author":1,"featured_media":0,"comment_status":"open","ping_status":"open","sticky":false,"template":"","format":"standard","meta":{"_monsterinsights_skip_tracking":false,"_monsterinsights_sitenote_active":false,"_monsterinsights_sitenote_note":"","_monsterinsights_sitenote_category":0,"footnotes":""},"categories":[7,14,15],"tags":[43],"class_list":["post-8315","post","type-post","status-publish","format-standard","hentry","category-histoiresante","category-medecine-odontologie","category-pharmacie-biologie-cosmetologie","tag-acces"],"_links":{"self":[{"href":"https:\/\/numerabilis.u-paris.fr\/medica\/blog\/index.php\/wp-json\/wp\/v2\/posts\/8315"}],"collection":[{"href":"https:\/\/numerabilis.u-paris.fr\/medica\/blog\/index.php\/wp-json\/wp\/v2\/posts"}],"about":[{"href":"https:\/\/numerabilis.u-paris.fr\/medica\/blog\/index.php\/wp-json\/wp\/v2\/types\/post"}],"author":[{"embeddable":true,"href":"https:\/\/numerabilis.u-paris.fr\/medica\/blog\/index.php\/wp-json\/wp\/v2\/users\/1"}],"replies":[{"embeddable":true,"href":"https:\/\/numerabilis.u-paris.fr\/medica\/blog\/index.php\/wp-json\/wp\/v2\/comments?post=8315"}],"version-history":[{"count":10,"href":"https:\/\/numerabilis.u-paris.fr\/medica\/blog\/index.php\/wp-json\/wp\/v2\/posts\/8315\/revisions"}],"predecessor-version":[{"id":8501,"href":"https:\/\/numerabilis.u-paris.fr\/medica\/blog\/index.php\/wp-json\/wp\/v2\/posts\/8315\/revisions\/8501"}],"wp:attachment":[{"href":"https:\/\/numerabilis.u-paris.fr\/medica\/blog\/index.php\/wp-json\/wp\/v2\/media?parent=8315"}],"wp:term":[{"taxonomy":"category","embeddable":true,"href":"https:\/\/numerabilis.u-paris.fr\/medica\/blog\/index.php\/wp-json\/wp\/v2\/categories?post=8315"},{"taxonomy":"post_tag","embeddable":true,"href":"https:\/\/numerabilis.u-paris.fr\/medica\/blog\/index.php\/wp-json\/wp\/v2\/tags?post=8315"}],"curies":[{"name":"wp","href":"https:\/\/api.w.org\/{rel}","templated":true}]}}