{"id":8333,"date":"2015-06-22T15:44:59","date_gmt":"2015-06-22T13:44:59","guid":{"rendered":"https:\/\/numerabilis.u-paris.fr\/medica\/blog\/?p=8333"},"modified":"2015-06-22T15:47:22","modified_gmt":"2015-06-22T13:47:22","slug":"exposition-face-a-face-peronne","status":"publish","type":"post","link":"https:\/\/numerabilis.u-paris.fr\/medica\/blog\/index.php\/exposition-face-a-face-peronne\/","title":{"rendered":"Exposition \u00ab\u00a0Face \u00e0 Face\u00a0\u00bb"},"content":{"rendered":"<p>Le <strong>lundi 22 juin 2015<\/strong> s&rsquo;ouvre la nouvelle exposition de <a title=\"Historial P\u00e9ronne\" href=\"http:\/\/www.historial.org\/\" target=\"_blank\">l&rsquo;Historial de la Grande Guerre de P\u00e9ronne-Thiepval<\/a> :<\/p>\n<h2>Face \u00e0 face : Regards sur la d\u00e9(re)figuration<\/h2>\n<p>Le commissariat d\u2019exposition est assur\u00e9 par le <strong>professeur Bernard DEVAUCHELLE<\/strong>, chef du service de chirurgie maxillo-faciale du CHU d\u2019Amiens et fondateur de <a title=\"Faire Faces\" href=\"http:\/\/institut-faire-faces.eu\/\" target=\"_blank\">l\u2019Institut Faire Faces<\/a>. Il est le pionnier des <strong>greffes de la face<\/strong> depuis 2005.<\/p>\n<p>Il a \u00e9t\u00e9 assist\u00e9 de<strong> Sylvie TESTELIN<\/strong>, chirurgien maxillo-facial et professeur \u00e0 l\u2019universit\u00e9 Picardie-Jules-Verne.<img loading=\"lazy\" decoding=\"async\" class=\"alignright size-full wp-image-8337\" title=\"Affiche-DEF-Face-a-Face_medium-large\" src=\"https:\/\/numerabilis.u-paris.fr\/medica\/blog\/wp-content\/uploads\/Affiche-DEF-Face-a-Face_medium-large.jpg\" alt=\"\" width=\"250\" height=\"374\" srcset=\"https:\/\/numerabilis.u-paris.fr\/medica\/blog\/wp-content\/uploads\/Affiche-DEF-Face-a-Face_medium-large.jpg 250w, https:\/\/numerabilis.u-paris.fr\/medica\/blog\/wp-content\/uploads\/Affiche-DEF-Face-a-Face_medium-large-200x300.jpg 200w\" sizes=\"(max-width: 250px) 85vw, 250px\" \/><\/p>\n<p>\u00ab<em>\u00c0 partir de l\u2019histoire des \u00ab\u00a0Gueules Cass\u00e9es\u00a0\u00bb, ces combattants d\u00e9figur\u00e9s de la Premi\u00e8re Guerre<\/em><br \/>\n<em> mondiale, \u00abFace \u00e0 Face\u00bb permettra d\u2019\u00e9voquer l\u2019\u00e9volution de la pens\u00e9e et des pratiques m\u00e9dicales<\/em><br \/>\n<em> gr\u00e2ce aux documents et objets choisis dans les collections de quelques illustres chirurgiens de<\/em><br \/>\n<em> la Grande Guerre.<\/em><br \/>\n<em> Ces moulages, outils m\u00e9dicaux, photographies, t\u00e9moignages \u00e9crits et film\u00e9s seront mis en<\/em><br \/>\n<em> perspective avec les moyens, techniques et r\u00e9alisations actuels. Ces exemples traduisent<\/em><br \/>\n<em> l\u2019importante influence de la rencontre entre des m\u00e9decins du d\u00e9but du si\u00e8cle venus de tous<\/em><br \/>\n<em> horizons au service des soldats d\u00e9figur\u00e9s.<\/em>\u00bb<\/p>\n<p>Il y sera notamment question des travaux d&rsquo;Alb\u00e9ric Pont, d\u00e9j\u00e0 \u00e9voqu\u00e9 <a title=\"Alb\u00e9ric Pont\" href=\"https:\/\/numerabilis.u-paris.fr\/medica\/blog\/index.php\/11-novembre-2013-alberic-pont\/\" target=\"_blank\">dans certains de nos pr\u00e9c\u00e9dents billets<\/a>.<\/p>\n<p>L\u2019exposition s\u2019inscrit dans le cadre du <a title=\"1914faces2014\" href=\"http:\/\/blogs.exeter.ac.uk\/1914faces2014\/\" target=\"_blank\">projet europ\u00e9en Interreg \u00ab1914Faces2014\u00bb<\/a> dont elle constitue la derni\u00e8re phase. Elle restitue l\u2019essentiel des travaux de recherche r\u00e9alis\u00e9s par les partenaires du projet.<\/p>\n<p>L&rsquo;exposition se tiendra jusqu&rsquo;au <strong>11 novembre 2015<\/strong>.<\/p>\n<h2>Le fonds Alb\u00e9ric Pont<\/h2>\n<p>Pour cette exposition, la BIU Sant\u00e9 pr\u00eate donc un grand nombre de pi\u00e8ces issues du fonds du <strong>Dr Alb\u00e9ric Pont (1870-1960)<\/strong>, \u00e0 l\u2019origine de la cr\u00e9ation \u00e0 Lyon en 1914 du premier centre de chirurgie maxillo-faciale en France\u00a0:<\/p>\n<ul>\n<li>Un ensemble de <strong>onze moulages de visages<\/strong> de bless\u00e9s, dont la plupart sont en pl\u00e2tre peint et deux en cire color\u00e9e<\/li>\n<\/ul>\n<p><img loading=\"lazy\" decoding=\"async\" class=\"aligncenter size-full wp-image-8399\" title=\"moulages\" src=\"https:\/\/numerabilis.u-paris.fr\/medica\/blog\/wp-content\/uploads\/moulages.jpg\" alt=\"\" width=\"575\" height=\"193\" srcset=\"https:\/\/numerabilis.u-paris.fr\/medica\/blog\/wp-content\/uploads\/moulages.jpg 575w, https:\/\/numerabilis.u-paris.fr\/medica\/blog\/wp-content\/uploads\/moulages-300x100.jpg 300w\" sizes=\"(max-width: 575px) 85vw, 575px\" \/><\/p>\n<ul>\n<li>Un album contenant plus de <strong>680 photographies<\/strong> de soldats, avant et apr\u00e8s traitement, qui consigne pour chaque bless\u00e9 les circonstances de la blessure, la date de son entr\u00e9e dans le service, le diagnostic et la description du traitement. Il recense principalement des op\u00e9rations pratiqu\u00e9es par le Professeur Vallas et par le Docteur Pont.<\/li>\n<\/ul>\n<p><img loading=\"lazy\" decoding=\"async\" class=\"aligncenter size-full wp-image-8400\" title=\"fiche\" src=\"https:\/\/numerabilis.u-paris.fr\/medica\/blog\/wp-content\/uploads\/fiche.jpg\" alt=\"\" width=\"550\" height=\"373\" srcset=\"https:\/\/numerabilis.u-paris.fr\/medica\/blog\/wp-content\/uploads\/fiche.jpg 550w, https:\/\/numerabilis.u-paris.fr\/medica\/blog\/wp-content\/uploads\/fiche-300x203.jpg 300w, https:\/\/numerabilis.u-paris.fr\/medica\/blog\/wp-content\/uploads\/fiche-120x80.jpg 120w\" sizes=\"(max-width: 550px) 85vw, 550px\" \/><\/p>\n<p>En compl\u00e9ment de l\u2019album original, certaines pages seront expos\u00e9es sous forme de reproduction papier et une version num\u00e9rique compl\u00e8te du document sera accessible sur une borne multim\u00e9dia.<\/p>\n<ul>\n<li>Une <strong>proth\u00e8se nasale<\/strong>, et une <strong>proth\u00e8se oculaire<\/strong> en c\u00e9ramique<\/li>\n<\/ul>\n<p><img loading=\"lazy\" decoding=\"async\" class=\"aligncenter size-full wp-image-8402\" title=\"prothese\" src=\"https:\/\/numerabilis.u-paris.fr\/medica\/blog\/wp-content\/uploads\/prothese.jpg\" alt=\"\" width=\"355\" height=\"172\" srcset=\"https:\/\/numerabilis.u-paris.fr\/medica\/blog\/wp-content\/uploads\/prothese.jpg 355w, https:\/\/numerabilis.u-paris.fr\/medica\/blog\/wp-content\/uploads\/prothese-300x145.jpg 300w\" sizes=\"(max-width: 355px) 85vw, 355px\" \/><\/p>\n<ul>\n<li>Des reproductions de <strong>plaques de verre<\/strong> pr\u00e9sentant des appareils pour le traitement des fractures des m\u00e2choires.<\/li>\n<\/ul>\n<p><img loading=\"lazy\" decoding=\"async\" class=\"alignleft size-full wp-image-8403\" title=\"bosano\" src=\"https:\/\/numerabilis.u-paris.fr\/medica\/blog\/wp-content\/uploads\/bosano.jpg\" alt=\"\" width=\"300\" height=\"258\" \/>La BIU Sant\u00e9 pr\u00eate \u00e9galement un autre document t\u00e9moignant de l\u2019activit\u00e9 en chirurgie maxillo-faciale, \u00e0 Marseille cette fois. Il s\u2019agit d\u2019un montage de photographies, r\u00e9alis\u00e9 vers 1919 par le <strong>Dr F. Bosano<\/strong> de l\u2019H\u00f4tel-Dieu de Marseille, montrant des appareils de maintien, de proth\u00e8se et de redressement, photographi\u00e9s seuls ou en place sur des patients. Cette planche est pr\u00e9sente dans <a title=\"Exposition Gueules cass\u00e9es\" href=\"https:\/\/www.biusante.parisdescartes.fr\/1418\/\" target=\"_blank\">l\u2019exposition <em>Les Gueules cass\u00e9es (rubrique \u00ab\u00a0Document\u00a0\u00bb)<\/em><\/a>, sur notre site.<\/p>\n<p>&nbsp;<\/p>\n<h2>En savoir plus<\/h2>\n<p><a title=\"Expo Face \u00e0 face\" href=\"http:\/\/www.historial.org\/Expositions\/Expositions-a-venir\/Face-a-Face-Regards-sur-la-de-re-figuration\" target=\"_blank\">Le site de l&rsquo;exposition<\/a><\/p>\n<p><a title=\"Entretien Devauchelle\" href=\"http:\/\/www.somme14-18.com\/entretien-bernard-devauchelle\" target=\"_blank\">Entretien avec le professeur Devauchelle<\/a><\/p>\n<p><a title=\"Exposition Gueules cass\u00e9es\" href=\"https:\/\/www.biusante.parisdescartes.fr\/1418\/\" target=\"_blank\">Notre exposition virtuelle sur les Gueules cass\u00e9es<\/a><\/p>\n<p style=\"text-align: right;\"><a title=\"Adresse Estelle Lambert\" href=\"m&#97;&#x69;&#x6c;t&#111;&#58;&#x65;&#x73;t&#101;&#108;&#x6c;&#x65;&#46;&#108;&#x61;&#x6d;&#x62;e&#114;&#x74;&#x40;b&#105;&#117;&#x73;&#x61;n&#116;&#101;&#x2e;&#x70;a&#114;&#x69;&#x73;&#x64;e&#115;&#x63;&#x61;rt&#101;&#x73;&#x2e;f&#114;\" target=\"_blank\">Estelle Lambert<\/a> &amp; <a title=\"Adresse David Benoist\" href=\"&#x6d;&#97;&#105;&#x6c;&#x74;&#111;&#58;&#x64;&#x61;&#118;&#105;&#x64;&#x2e;&#98;&#101;&#x6e;&#x6f;&#105;&#115;&#x74;&#x40;&#98;&#105;&#x75;&#x73;&#97;&#110;&#x74;&#x65;&#46;&#112;&#x61;&#x72;&#105;&#115;&#x64;&#x65;&#115;&#99;&#x61;&#x72;&#116;&#101;&#x73;&#x2e;&#102;&#114;\" target=\"_blank\">David Benoist<\/a><\/p>\n<div id=\"schema_block\" class=\"schema_event\"><div itemscope itemtype=\"http:\/\/schema.org\/EducationEvent\"><a class=\"schema_url\" target=\"_blank\" itemprop=\"url\" href=\"http:\/\/www.historial.org\/Expositions\/Expositions-a-venir\/Face-a-Face-Regards-sur-la-de-re-figuration\"><div class=\"schema_name\" itemprop=\"name\">Face \u00e0 Face : Regards sur la d\u00e9(re)figuration<\/div><\/a><div><meta itemprop=\"startDate\" content=\"2015-06-22\">Debut: 06\/22\/2015<\/div><div><meta itemprop=\"endDate\" content=\"2015-11-11:00.000\">Fin: 11\/11\/2015<\/div><\/div><div itemprop=\"address\" itemscope itemtype=\"http:\/\/schema.org\/PostalAddress\"><div class=\"street\" itemprop=\"streetAddress\">Historial de la Grande Guerre, Ch\u00e2teau de P\u00e9ronne, BP 20063<\/div><div class=\"city_state\"><span class=\"locale\" itemprop=\"addressLocality\">P\u00e9ronne <\/span>,<span class=\"region\" itemprop=\"addressRegion\"> Picardie<\/span><\/div><div class=\"postalcode\" itemprop=\"postalCode\">80201<\/div><div class=\"country\" itemprop=\"addressCountry\">FR<\/div><\/div><\/div>\n","protected":false},"excerpt":{"rendered":"<p>Le lundi 22 juin 2015 s&rsquo;ouvre la nouvelle exposition de l&rsquo;Historial de la Grande Guerre de P\u00e9ronne-Thiepval : Face \u00e0 face : Regards sur la d\u00e9(re)figuration Le commissariat d\u2019exposition est assur\u00e9 par le professeur Bernard DEVAUCHELLE, chef du service de chirurgie maxillo-faciale du CHU d\u2019Amiens et fondateur de l\u2019Institut Faire Faces. Il est le pionnier &hellip; <a href=\"https:\/\/numerabilis.u-paris.fr\/medica\/blog\/index.php\/exposition-face-a-face-peronne\/\" class=\"more-link\">Continuer la lecture<span class=\"screen-reader-text\"> de &laquo;&nbsp;Exposition \u00ab\u00a0Face \u00e0 Face\u00a0\u00bb&nbsp;&raquo;<\/span><\/a><\/p>\n","protected":false},"author":1,"featured_media":0,"comment_status":"open","ping_status":"open","sticky":false,"template":"","format":"standard","meta":{"_monsterinsights_skip_tracking":false,"_monsterinsights_sitenote_active":false,"_monsterinsights_sitenote_note":"","_monsterinsights_sitenote_category":0,"footnotes":""},"categories":[7],"tags":[158,10,100,125,48,37],"class_list":["post-8333","post","type-post","status-publish","format-standard","hentry","category-histoiresante","tag-chirurgie-faciale","tag-exposition","tag-guerre","tag-gueules-cassees","tag-premiere-guerre-mondiale","tag-pret"],"_links":{"self":[{"href":"https:\/\/numerabilis.u-paris.fr\/medica\/blog\/index.php\/wp-json\/wp\/v2\/posts\/8333"}],"collection":[{"href":"https:\/\/numerabilis.u-paris.fr\/medica\/blog\/index.php\/wp-json\/wp\/v2\/posts"}],"about":[{"href":"https:\/\/numerabilis.u-paris.fr\/medica\/blog\/index.php\/wp-json\/wp\/v2\/types\/post"}],"author":[{"embeddable":true,"href":"https:\/\/numerabilis.u-paris.fr\/medica\/blog\/index.php\/wp-json\/wp\/v2\/users\/1"}],"replies":[{"embeddable":true,"href":"https:\/\/numerabilis.u-paris.fr\/medica\/blog\/index.php\/wp-json\/wp\/v2\/comments?post=8333"}],"version-history":[{"count":31,"href":"https:\/\/numerabilis.u-paris.fr\/medica\/blog\/index.php\/wp-json\/wp\/v2\/posts\/8333\/revisions"}],"predecessor-version":[{"id":8418,"href":"https:\/\/numerabilis.u-paris.fr\/medica\/blog\/index.php\/wp-json\/wp\/v2\/posts\/8333\/revisions\/8418"}],"wp:attachment":[{"href":"https:\/\/numerabilis.u-paris.fr\/medica\/blog\/index.php\/wp-json\/wp\/v2\/media?parent=8333"}],"wp:term":[{"taxonomy":"category","embeddable":true,"href":"https:\/\/numerabilis.u-paris.fr\/medica\/blog\/index.php\/wp-json\/wp\/v2\/categories?post=8333"},{"taxonomy":"post_tag","embeddable":true,"href":"https:\/\/numerabilis.u-paris.fr\/medica\/blog\/index.php\/wp-json\/wp\/v2\/tags?post=8333"}],"curies":[{"name":"wp","href":"https:\/\/api.w.org\/{rel}","templated":true}]}}