{"id":8422,"date":"2015-06-24T13:17:42","date_gmt":"2015-06-24T11:17:42","guid":{"rendered":"https:\/\/numerabilis.u-paris.fr\/medica\/blog\/?p=8422"},"modified":"2015-06-24T13:17:42","modified_gmt":"2015-06-24T11:17:42","slug":"disparition-guillemette-utard","status":"publish","type":"post","link":"https:\/\/numerabilis.u-paris.fr\/medica\/blog\/index.php\/disparition-guillemette-utard\/","title":{"rendered":"Disparition de Guillemette Utard-Wl\u00e9rick"},"content":{"rendered":"<p>Nous avons la tristesse de vous annoncer le d\u00e9c\u00e8s de notre coll\u00e8gue <strong>Guillemette Utard-Wl\u00e9rick<\/strong>.<\/p>\n<p><a href=\"https:\/\/numerabilis.u-paris.fr\/medica\/blog\/wp-content\/uploads\/Guillemette-UTARD-WLERICK.jpg\"><img loading=\"lazy\" decoding=\"async\" class=\"size-full wp-image-8426 alignleft\" title=\"Guillemette UTARD-WLERICK\" src=\"https:\/\/numerabilis.u-paris.fr\/medica\/blog\/wp-content\/uploads\/Guillemette-UTARD-WLERICK.jpg\" alt=\"\" width=\"69\" height=\"84\" \/><\/a>Conservateur \u00e0 la BIU Sant\u00e9 depuis janvier <strong>2005<\/strong>, Guillemette Utard a \u00e9t\u00e9 tr\u00e8s active dans le domaine de la formation et de l\u2019aide \u00e0 la recherche bibliographique.<\/p>\n<p>Elle a form\u00e9 de nombreux lecteurs, \u00e9tudiants et professionnels de la sant\u00e9. Par exemple dans le cadre de <a title=\"ADERF disparition\" href=\"https:\/\/www.aderf.com\/2013-10-08-06-20-02\/1063-disparition.html\" target=\"_blank\">l&rsquo;ADERF, \u00e9cole de kin\u00e9sith\u00e9rapie de Paris<\/a>.<\/p>\n<p>Auparavant, elle avait travaill\u00e9 \u00e0 <strong>l&rsquo;UPMC<\/strong> (<em>section Biologie Recherche, 2002-2004<\/em>) et l&rsquo;universit\u00e9 <strong>Paris Diderot<\/strong> (<em>1982-2001, notamment \u00e0 l&rsquo;h\u00f4pital Saint-Louis<\/em>).<\/p>\n<p>Nous nous associons \u00e0 la douleur de sa famille.<\/p>\n","protected":false},"excerpt":{"rendered":"<p>Nous avons la tristesse de vous annoncer le d\u00e9c\u00e8s de notre coll\u00e8gue Guillemette Utard-Wl\u00e9rick. Conservateur \u00e0 la BIU Sant\u00e9 depuis janvier 2005, Guillemette Utard a \u00e9t\u00e9 tr\u00e8s active dans le domaine de la formation et de l\u2019aide \u00e0 la recherche bibliographique. Elle a form\u00e9 de nombreux lecteurs, \u00e9tudiants et professionnels de la sant\u00e9. Par exemple &hellip; <a href=\"https:\/\/numerabilis.u-paris.fr\/medica\/blog\/index.php\/disparition-guillemette-utard\/\" class=\"more-link\">Continuer la lecture<span class=\"screen-reader-text\"> de &laquo;&nbsp;Disparition de Guillemette Utard-Wl\u00e9rick&nbsp;&raquo;<\/span><\/a><\/p>\n","protected":false},"author":1,"featured_media":0,"comment_status":"open","ping_status":"open","sticky":false,"template":"","format":"standard","meta":{"_monsterinsights_skip_tracking":false,"_monsterinsights_sitenote_active":false,"_monsterinsights_sitenote_note":"","_monsterinsights_sitenote_category":0,"footnotes":""},"categories":[14],"tags":[134,233],"class_list":["post-8422","post","type-post","status-publish","format-standard","hentry","category-medecine-odontologie","tag-bibliothecaire","tag-necrologie"],"_links":{"self":[{"href":"https:\/\/numerabilis.u-paris.fr\/medica\/blog\/index.php\/wp-json\/wp\/v2\/posts\/8422"}],"collection":[{"href":"https:\/\/numerabilis.u-paris.fr\/medica\/blog\/index.php\/wp-json\/wp\/v2\/posts"}],"about":[{"href":"https:\/\/numerabilis.u-paris.fr\/medica\/blog\/index.php\/wp-json\/wp\/v2\/types\/post"}],"author":[{"embeddable":true,"href":"https:\/\/numerabilis.u-paris.fr\/medica\/blog\/index.php\/wp-json\/wp\/v2\/users\/1"}],"replies":[{"embeddable":true,"href":"https:\/\/numerabilis.u-paris.fr\/medica\/blog\/index.php\/wp-json\/wp\/v2\/comments?post=8422"}],"version-history":[{"count":9,"href":"https:\/\/numerabilis.u-paris.fr\/medica\/blog\/index.php\/wp-json\/wp\/v2\/posts\/8422\/revisions"}],"predecessor-version":[{"id":8432,"href":"https:\/\/numerabilis.u-paris.fr\/medica\/blog\/index.php\/wp-json\/wp\/v2\/posts\/8422\/revisions\/8432"}],"wp:attachment":[{"href":"https:\/\/numerabilis.u-paris.fr\/medica\/blog\/index.php\/wp-json\/wp\/v2\/media?parent=8422"}],"wp:term":[{"taxonomy":"category","embeddable":true,"href":"https:\/\/numerabilis.u-paris.fr\/medica\/blog\/index.php\/wp-json\/wp\/v2\/categories?post=8422"},{"taxonomy":"post_tag","embeddable":true,"href":"https:\/\/numerabilis.u-paris.fr\/medica\/blog\/index.php\/wp-json\/wp\/v2\/tags?post=8422"}],"curies":[{"name":"wp","href":"https:\/\/api.w.org\/{rel}","templated":true}]}}