{"id":844,"date":"2013-06-03T17:21:49","date_gmt":"2013-06-03T15:21:49","guid":{"rendered":"https:\/\/numerabilis.u-paris.fr\/medica\/blog\/?p=844"},"modified":"2017-03-03T10:22:06","modified_gmt":"2017-03-03T09:22:06","slug":"progres-medical","status":"publish","type":"post","link":"https:\/\/numerabilis.u-paris.fr\/medica\/blog\/index.php\/progres-medical\/","title":{"rendered":"Mise en ligne du Progr\u00e8s m\u00e9dical"},"content":{"rendered":"<p><strong><em>Le Progr\u00e8s m\u00e9dical\u00a0: journal de m\u00e9decine, de chirurgie et de pharmacie <\/em><\/strong>est d\u00e9sormais en ligne dans <a title=\"Medic@\" href=\"http:\/\/www.bium.univ-paris5.fr\/histmed\/medica.htm\" target=\"_blank\"><em>Medic@<\/em><\/a>. Plus de <strong>86 000 pages<\/strong> couvrant la p\u00e9riode <strong>1873-1943<\/strong> sont interrogeables par mots cl\u00e9s dans les tables des mati\u00e8res, dans le sous-ensemble des <a title=\"P\u00e9riodiques dans Medic@\" href=\"http:\/\/www.bium.univ-paris5.fr\/histmed\/medica\/periodiques.htm\" target=\"_blank\">p\u00e9riodiques<\/a> ou dans le <a title=\"Medic@\" href=\"http:\/\/www.bium.univ-paris5.fr\/histmed\/medica.htm\" target=\"_blank\">formulaire de recherche g\u00e9n\u00e9ral de <em>Medic@<\/em><\/a> <strong>(avec plus de 4 000 illustrations et 800 portraits)<\/strong>. Les deux volumes, correspondant aux ann\u00e9es 1944 et 1945, compl\u00e8teront cet ensemble en 2014 et en 2015.<\/p>\n<p>Cette num\u00e9risation a en partie \u00e9t\u00e9 r\u00e9alis\u00e9e gr\u00e2ce au pr\u00eat \u00e0 la BIU Sant\u00e9 d\u2019une quinzaine de volumes par <a title=\"Biblioth\u00e8que de l'acad\u00e9mie de M\u00e9decine\" href=\"http:\/\/www.academie-medecine.fr\/infos_pratiques_et_actualites.cfm\" target=\"_blank\">la biblioth\u00e8que de l\u2019Acad\u00e9mie nationale de m\u00e9decine<\/a> et <a title=\"biblioth\u00e8que Charcot de l'UPMC\" href=\"http:\/\/www.upmc.fr\/fr\/culture\/patrimoine\/patrimoine_scientifique\/bibliotheque_charcot.html\" target=\"_blank\">la biblioth\u00e8que Charcot de l\u2019UPMC<\/a>.<\/p>\n<figure id=\"attachment_1552\" aria-describedby=\"caption-attachment-1552\" style=\"width: 500px\" class=\"wp-caption aligncenter\"><a title=\"Caricature de Bourneville dans Medic@\" href=\"https:\/\/www.biusante.parisdescartes.fr\/histmed\/image?CIPB1413\" target=\"_blank\"><img loading=\"lazy\" decoding=\"async\" class=\"size-full wp-image-1552\" title=\"progres2\" src=\"https:\/\/numerabilis.u-paris.fr\/medica\/blog\/wp-content\/uploads\/progres2.jpg\" alt=\"Caricature du docteur Bourneville\" width=\"500\" height=\"752\" srcset=\"https:\/\/numerabilis.u-paris.fr\/medica\/blog\/wp-content\/uploads\/progres2.jpg 500w, https:\/\/numerabilis.u-paris.fr\/medica\/blog\/wp-content\/uploads\/progres2-199x300.jpg 199w\" sizes=\"(max-width: 500px) 85vw, 500px\" \/><\/a><figcaption id=\"caption-attachment-1552\" class=\"wp-caption-text\">Bourneville, D\u00e9sir\u00e9 Magloire (1840-1909). Cote : CIPB1413.<\/figcaption><\/figure>\n<p><a title=\"Apparition du Progr\u00e8s m\u00e9dical\" href=\"https:\/\/www.biusante.parisdescartes.fr\/histmed\/medica\/page?90170x1873x01x01&amp;p=3 \" target=\"_blank\">L\u2019apparition en 1873 du <em>Progr\u00e8s m\u00e9dical<\/em><\/a> est une <strong>nouveaut\u00e9<\/strong> et un <strong>\u00e9v\u00e9nement<\/strong>. Annonc\u00e9 comme un journal vivant et actif, il entend se consacrer \u00e0 la <strong>science m\u00e9dicale<\/strong> et \u00e0 <strong>l\u2019hygi\u00e8ne<\/strong>, mais aussi aux <strong>actualit\u00e9s sociales<\/strong>, \u00e0 la <strong>d\u00e9fense des r\u00e9formes du monde m\u00e9dical<\/strong> et des <strong>int\u00e9r\u00eats professionnels<\/strong>. Pendant les trente-cinq premi\u00e8res ann\u00e9es de son existence, il demeure domin\u00e9\u00a0 par la figure de son fondateur <strong><a title=\"Bourneville dans le Progr\u00e8s m\u00e9dical\" href=\"https:\/\/www.biusante.parisdescartes.fr\/histmed\/medica\/page?90170x1909x01&amp;p=297\" target=\"_blank\">D\u00e9sir\u00e9-Magloire Bourneville<\/a><\/strong>. Celui-ci b\u00e9n\u00e9ficie \u00e0 la fois de l\u2019appui de son ma\u00eetre <strong><a title=\"Charcot dans le Progr\u00e8s m\u00e9dical\" href=\"http:\/\/www2.biusante.parisdescartes.fr\/livanc\/?cote=90170x1893x02x18&amp;p=151&amp;do=page\" target=\"_blank\">Charcot<\/a><\/strong>, dont il publie toutes les le\u00e7ons et conf\u00e9rences, et de la collaboration <a title=\"N\u00e9crologie de Bourneville\" href=\"https:\/\/www.biusante.parisdescartes.fr\/histmed\/medica\/page?90170x1909x01&amp;p=298\" target=\"_blank\">\u00ab <em>de toute la jeunesse m\u00e9dicale studieuse de l\u2019\u00e9poque<\/em>\u00a0\u00bb<\/a>, au sein de laquelle de futurs grands noms font au journal leur apprentissage d\u2019anatomistes, de cliniciens ou de th\u00e9rapeutes.\u00a0On peut ainsi citer <a title=\"D\u00e9jerine dans la base biographies\" href=\"http:\/\/www2.biusante.parisdescartes.fr\/bio\/?cle=5277\" target=\"_blank\"><strong>D\u00e9jerine<\/strong><\/a>, qui occupera la chaire de clinique des maladies du syst\u00e8mes nerveux\u00a0; <a title=\"Landouzy dans la base biographies\" href=\"http:\/\/www2.biusante.parisdescartes.fr\/bio\/?cle=9411\" target=\"_blank\"><strong>Landouzy<\/strong><\/a>, qui \u00e9crit sur la rage et la pleur\u00e9sie,\u00a0tandis que <a title=\"Charles Richet dans la base biographies\" href=\"http:\/\/www2.biusante.parisdescartes.fr\/bio\/?cle=3907\" target=\"_blank\"><strong>Charles Richet<\/strong><\/a>, futur prix Nobel, publie sur les acides du suc gastrique et qu\u2019<a title=\"Edouard Brissaud dans la base biographies\" href=\"http:\/\/www2.biusante.parisdescartes.fr\/bio\/?cle=3064\" target=\"_blank\"><strong>\u00c9douard Brissaud<\/strong><\/a>, qui comptera parmi les fondateurs de la Revue de neurologie, recueille les le\u00e7ons de Charcot.<\/p>\n<p>\u00c0\u00a0c\u00f4t\u00e9 de la publication des le\u00e7ons des ma\u00eetres, revues de sujets, travaux originaux et comptes rendus des soci\u00e9t\u00e9s savantes<em>, <strong>Le Progr\u00e8s m\u00e9dical<\/strong><\/em> analyse la presse et les nouveaux ouvrages m\u00e9dicaux. Au lendemain de la guerre de 1870 une attention particuli\u00e8re est port\u00e9e aux innovations et aux travaux \u00e9trangers.<\/p>\n<p>La revue offre surtout \u00e0 travers son \u00ab\u00a0<em>Bulletin\u00a0<\/em>\u00bb une tribune aux combats men\u00e9s par Bourneville en faveur des projets de r\u00e9forme dont il est l\u2019initiateur, li\u00e9s \u00e0 <strong>l\u2019enseignement m\u00e9dical, <a title=\"Assistance publique dans le Progr\u00e8s m\u00e9dical\" href=\"https:\/\/www.biusante.parisdescartes.fr\/histmed\/medica\/page?90170x1875x01x03&amp;p=111\" target=\"_blank\">\u00e0 l\u2019assistance publique<\/a> et aux h\u00f4pitaux<\/strong>. Dans un climat de luttes politiques parfois violentes, il pr\u00e9conise notamment la <strong><a title=\"Services d'accouchement dans le Progr\u00e8s m\u00e9dical\" href=\"https:\/\/www.biusante.parisdescartes.fr\/histmed\/medica\/page?90170x1877x01x05&amp;p=407 \" target=\"_blank\">cr\u00e9ation de services d\u2019accouchements<\/a>, la <a title=\"Infirmiers dans le Progr\u00e8s m\u00e9dical\" href=\"https:\/\/www.biusante.parisdescartes.fr\/histmed\/medica\/page?90170x1875x01x03&amp;p=450 \" target=\"_blank\">professionnalisation du m\u00e9tier d\u2019infirmi\u00e8re<\/a> et la <a title=\"La\u00efcisation des h\u00f4pitaux dans le Progr\u00e8s m\u00e9dical\" href=\"https:\/\/www.biusante.parisdescartes.fr\/histmed\/medica\/page?90170x1876x01x04&amp;p=385 \" target=\"_blank\">la\u00efcisation des h\u00f4pitaux<\/a><\/strong>.<\/p>\n<p>Une autre innovation r\u00e9side dans la publication \u00e0 chaque rentr\u00e9e universitaire\u00a0du <a title=\"Num\u00e9ro des \u00e9tudiants\" href=\"https:\/\/www.biusante.parisdescartes.fr\/histmed\/medica\/page?90170x1873x01x01&amp;p=249 \" target=\"_blank\"><strong>\u00ab\u00a0<em>Num\u00e9ro des \u00e9tudiants<\/em>\u00a0\u00bb<\/strong><\/a>, imit\u00e9 du \u00ab\u00a0<em>Number of students<\/em>\u00a0\u00bb du <em>Lancet<\/em>, qui rencontre un grand succ\u00e8s et dont la formule sera reprise par de nombreux autres journaux. Ces num\u00e9ros de l\u2019\u00e9tudiant constituent une sorte de guide de l\u2019\u00e9tudiant en m\u00e9decine, et dressent un panorama vivant, ann\u00e9e apr\u00e8s ann\u00e9e, du monde m\u00e9dical acad\u00e9mique parisien<\/p>\n<p>Apr\u00e8s le d\u00e9part de Bourneville en 1907, le <em>Progr\u00e8s m\u00e9dical<\/em> adopte un ton moins pol\u00e9mique, dans un contexte de concurrence accrue qui se traduit par la multiplication de nouveaux titres. La revue conna\u00eet des remaniements dans sa forme, avec une s\u00e9paration des articles de fond et des articles \u00ab\u00a0accessoires\u00a0\u00bb (formulaires, vari\u00e9t\u00e9s, nouvelles, reportages), mais conserve <strong>sa ligne de d\u00e9fense des praticiens et du progr\u00e8s en mati\u00e8re d\u2019hygi\u00e8ne, d\u2019assistance, d\u2019enseignement m\u00e9dical et de m\u00e9decine publique<\/strong>. Pendant les deux conflits mondiaux elle se transforme en <a title=\"Le Progr\u00e8s m\u00e9dical pendant les conflits\" href=\"https:\/\/www.biusante.parisdescartes.fr\/histmed\/medica\/page?90170x1914_1915&amp;p=393 \" target=\"_blank\">journal d\u2019information m\u00e9dico-militaire<\/a>. Enfin en 1924 <a title=\"Suppl\u00e9ment illustr\u00e9 du Progr\u00e8s m\u00e9dical\" href=\"https:\/\/www.biusante.parisdescartes.fr\/histmed\/medica\/page?90170x1924xsup&amp;p=1 \" target=\"_blank\">un suppl\u00e9ment mensuel abondamment illustr\u00e9 est cr\u00e9\u00e9<\/a>, consacr\u00e9 aux <strong>rapports entre m\u00e9decine, art et histoire<\/strong>.<\/p>\n<p style=\"text-align: right;\"><a title=\"Adresse St\u00e9phanie Charreaux\" href=\"&#x6d;&#97;i&#x6c;&#x74;&#111;:&#x73;&#x74;&#101;p&#x68;&#97;n&#x69;&#x65;&#46;c&#x68;&#x61;&#114;r&#x65;&#97;&#117;&#x78;&#x40;&#98;i&#x75;&#x73;&#97;n&#x74;&#101;&#46;p&#x61;&#114;i&#x73;&#x64;&#101;s&#x63;&#x61;&#114;t&#x65;&#115;&#46;&#x66;&#x72;\" target=\"_blank\">St\u00e9phanie Charreaux<\/a><\/p>\n","protected":false},"excerpt":{"rendered":"<p>Le Progr\u00e8s m\u00e9dical\u00a0: journal de m\u00e9decine, de chirurgie et de pharmacie est d\u00e9sormais en ligne dans Medic@. Plus de 86 000 pages couvrant la p\u00e9riode 1873-1943 sont interrogeables par mots cl\u00e9s dans les tables des mati\u00e8res, dans le sous-ensemble des p\u00e9riodiques ou dans le formulaire de recherche g\u00e9n\u00e9ral de Medic@ (avec plus de 4 000 &hellip; <a href=\"https:\/\/numerabilis.u-paris.fr\/medica\/blog\/index.php\/progres-medical\/\" class=\"more-link\">Continuer la lecture<span class=\"screen-reader-text\"> de &laquo;&nbsp;Mise en ligne du Progr\u00e8s m\u00e9dical&nbsp;&raquo;<\/span><\/a><\/p>\n","protected":false},"author":1,"featured_media":0,"comment_status":"open","ping_status":"open","sticky":false,"template":"","format":"standard","meta":{"_monsterinsights_skip_tracking":false,"_monsterinsights_sitenote_active":false,"_monsterinsights_sitenote_note":"","_monsterinsights_sitenote_category":0,"footnotes":""},"categories":[7],"tags":[53,54,24],"class_list":["post-844","post","type-post","status-publish","format-standard","hentry","category-histoiresante","tag-19e-s","tag-20e-s","tag-medic"],"_links":{"self":[{"href":"https:\/\/numerabilis.u-paris.fr\/medica\/blog\/index.php\/wp-json\/wp\/v2\/posts\/844"}],"collection":[{"href":"https:\/\/numerabilis.u-paris.fr\/medica\/blog\/index.php\/wp-json\/wp\/v2\/posts"}],"about":[{"href":"https:\/\/numerabilis.u-paris.fr\/medica\/blog\/index.php\/wp-json\/wp\/v2\/types\/post"}],"author":[{"embeddable":true,"href":"https:\/\/numerabilis.u-paris.fr\/medica\/blog\/index.php\/wp-json\/wp\/v2\/users\/1"}],"replies":[{"embeddable":true,"href":"https:\/\/numerabilis.u-paris.fr\/medica\/blog\/index.php\/wp-json\/wp\/v2\/comments?post=844"}],"version-history":[{"count":39,"href":"https:\/\/numerabilis.u-paris.fr\/medica\/blog\/index.php\/wp-json\/wp\/v2\/posts\/844\/revisions"}],"predecessor-version":[{"id":13330,"href":"https:\/\/numerabilis.u-paris.fr\/medica\/blog\/index.php\/wp-json\/wp\/v2\/posts\/844\/revisions\/13330"}],"wp:attachment":[{"href":"https:\/\/numerabilis.u-paris.fr\/medica\/blog\/index.php\/wp-json\/wp\/v2\/media?parent=844"}],"wp:term":[{"taxonomy":"category","embeddable":true,"href":"https:\/\/numerabilis.u-paris.fr\/medica\/blog\/index.php\/wp-json\/wp\/v2\/categories?post=844"},{"taxonomy":"post_tag","embeddable":true,"href":"https:\/\/numerabilis.u-paris.fr\/medica\/blog\/index.php\/wp-json\/wp\/v2\/tags?post=844"}],"curies":[{"name":"wp","href":"https:\/\/api.w.org\/{rel}","templated":true}]}}