{"id":8487,"date":"2015-07-10T12:22:18","date_gmt":"2015-07-10T10:22:18","guid":{"rendered":"https:\/\/numerabilis.u-paris.fr\/medica\/blog\/?p=8487"},"modified":"2015-07-10T12:23:31","modified_gmt":"2015-07-10T10:23:31","slug":"formation-2015-bibliothecaires-sante","status":"publish","type":"post","link":"https:\/\/numerabilis.u-paris.fr\/medica\/blog\/index.php\/formation-2015-bibliothecaires-sante\/","title":{"rendered":"Formation 2015 pour les nouveaux biblioth\u00e9caires de sant\u00e9"},"content":{"rendered":"<h2>Du 24 au 26 novembre 2015<\/h2>\n<p>L&rsquo;<a title=\"Urfist de Paris\" href=\"http:\/\/urfist.enc.sorbonne.fr\/\" target=\"_blank\">URFIST de Paris<\/a> et la Biblioth\u00e8que interuniversitaire de Sant\u00e9 organisent une nouvelle \u00e9dition du stage <em><strong>\u00ab Biblioth\u00e8que de sant\u00e9 : environnement et ressources documentaires (initiation)<\/strong><strong> \u00bb<\/strong><\/em>, qui se tiendra du <strong>24 au 26 novembre 2015<\/strong> \u00e0 l&rsquo;universit\u00e9 Paris Descartes.<\/p>\n<p><a href=\"https:\/\/numerabilis.u-paris.fr\/medica\/blog\/wp-content\/uploads\/urfist.jpg\"><img loading=\"lazy\" decoding=\"async\" class=\"alignright size-medium wp-image-8496\" title=\"urfist\" src=\"https:\/\/numerabilis.u-paris.fr\/medica\/blog\/wp-content\/uploads\/urfist-300x188.jpg\" alt=\"\" width=\"300\" height=\"188\" srcset=\"https:\/\/numerabilis.u-paris.fr\/medica\/blog\/wp-content\/uploads\/urfist-300x188.jpg 300w, https:\/\/numerabilis.u-paris.fr\/medica\/blog\/wp-content\/uploads\/urfist.jpg 400w\" sizes=\"(max-width: 300px) 85vw, 300px\" \/><\/a><\/p>\n<p>Cette formation s&rsquo;adresse exclusivement aux <strong><em>professionnels de l&rsquo;information et de la documentation<\/em><\/strong> r\u00e9cemment affect\u00e9s en biblioth\u00e8que de sant\u00e9 (universitaire et hospitali\u00e8re notamment).<\/p>\n<p title=\"Urfist 2015\">N&rsquo;h\u00e9sitez pas \u00e0 consulter le programme et \u00e0 vous inscrire <a title=\"Formation URFIST\" href=\"https:\/\/sygefor.reseau-urfist.fr\/#\/training\/5442\/5843\" target=\"_blank\">\u00e0 l&rsquo;adresse suivante<\/a>.<\/p>\n<p>Les inscriptions sont ouvertes jusqu&rsquo;au <strong>30 septembre<\/strong>, mais ne tardez pas \u00e0 vous manifester.<\/p>\n<p>ATTENTION : Ce stage ne proposera pas de formation pratique \u00e0 l\u2019utilisation de bases de donn\u00e9es.<\/p>\n<p>Un stage sp\u00e9cifique consacr\u00e9 \u00e0 l\u2019interrogation des bases de donn\u00e9es en m\u00e9decine sera propos\u00e9 par la BIU Sant\u00e9 et l\u2019Urfist de Paris au<strong> printemps 2016<\/strong> (2 jours).<\/p>\n<p><!--more--><\/p>\n<div id=\"schema_block\" class=\"schema_event\"><div itemscope itemtype=\"http:\/\/schema.org\/EducationEvent\"><a class=\"schema_url\" target=\"_blank\" itemprop=\"url\" href=\"http:\/\/urfist.enc.sorbonne.fr\/sygefor\/stage\/354\"><div class=\"schema_name\" itemprop=\"name\">Biblioth\u00e8que de sant\u00e9 : environnement et ressources documentaires (initiation)<\/div><\/a><div class=\"schema_description\" itemprop=\"description\">Appr\u00e9hender le contexte des biblioth\u00e8ques de sant\u00e9 (m\u00e9decine, pharmacie, odontologie, ma\u00efeutique, \u2026) : rep\u00e8res en histoire de la sant\u00e9, environnement hospitalier et universitaire, terminologie ; conna\u00eetre les publics de ces biblioth\u00e8ques : sp\u00e9cificit\u00e9s des cursus et \u00e9tudes, besoins en documentation, en formation et autres services ; conna\u00eetre les ressources dans le domaine de la sant\u00e9 : \u00e9diteurs et publications, institutions, sources d\u2019information.<\/div><div><meta itemprop=\"startDate\" content=\"2015-11-24\">Debut: 11\/24\/2015<\/div><div><meta itemprop=\"endDate\" content=\"2015-11-26:00.000\">Fin: 11\/26\/2015<\/div><\/div><div itemprop=\"address\" itemscope itemtype=\"http:\/\/schema.org\/PostalAddress\"><div class=\"street\" itemprop=\"streetAddress\">12, rue de l'\u00c9cole-de-M\u00e9decine<\/div><div class=\"city_state\"><span class=\"locale\" itemprop=\"addressLocality\">Paris<\/span>,<span class=\"region\" itemprop=\"addressRegion\"> \u00cele-de-France<\/span><\/div><div class=\"postalcode\" itemprop=\"postalCode\">75006<\/div><div class=\"country\" itemprop=\"addressCountry\">FR<\/div><\/div><\/div>\n","protected":false},"excerpt":{"rendered":"<p>Du 24 au 26 novembre 2015 L&rsquo;URFIST de Paris et la Biblioth\u00e8que interuniversitaire de Sant\u00e9 organisent une nouvelle \u00e9dition du stage \u00ab Biblioth\u00e8que de sant\u00e9 : environnement et ressources documentaires (initiation) \u00bb, qui se tiendra du 24 au 26 novembre 2015 \u00e0 l&rsquo;universit\u00e9 Paris Descartes. Cette formation s&rsquo;adresse exclusivement aux professionnels de l&rsquo;information et de &hellip; <a href=\"https:\/\/numerabilis.u-paris.fr\/medica\/blog\/index.php\/formation-2015-bibliothecaires-sante\/\" class=\"more-link\">Continuer la lecture<span class=\"screen-reader-text\"> de &laquo;&nbsp;Formation 2015 pour les nouveaux biblioth\u00e9caires de sant\u00e9&nbsp;&raquo;<\/span><\/a><\/p>\n","protected":false},"author":1,"featured_media":0,"comment_status":"open","ping_status":"open","sticky":false,"template":"","format":"standard","meta":{"_monsterinsights_skip_tracking":false,"_monsterinsights_sitenote_active":false,"_monsterinsights_sitenote_note":"","_monsterinsights_sitenote_category":0,"footnotes":""},"categories":[14,15],"tags":[22],"class_list":["post-8487","post","type-post","status-publish","format-standard","hentry","category-medecine-odontologie","category-pharmacie-biologie-cosmetologie","tag-formation"],"_links":{"self":[{"href":"https:\/\/numerabilis.u-paris.fr\/medica\/blog\/index.php\/wp-json\/wp\/v2\/posts\/8487"}],"collection":[{"href":"https:\/\/numerabilis.u-paris.fr\/medica\/blog\/index.php\/wp-json\/wp\/v2\/posts"}],"about":[{"href":"https:\/\/numerabilis.u-paris.fr\/medica\/blog\/index.php\/wp-json\/wp\/v2\/types\/post"}],"author":[{"embeddable":true,"href":"https:\/\/numerabilis.u-paris.fr\/medica\/blog\/index.php\/wp-json\/wp\/v2\/users\/1"}],"replies":[{"embeddable":true,"href":"https:\/\/numerabilis.u-paris.fr\/medica\/blog\/index.php\/wp-json\/wp\/v2\/comments?post=8487"}],"version-history":[{"count":12,"href":"https:\/\/numerabilis.u-paris.fr\/medica\/blog\/index.php\/wp-json\/wp\/v2\/posts\/8487\/revisions"}],"predecessor-version":[{"id":8510,"href":"https:\/\/numerabilis.u-paris.fr\/medica\/blog\/index.php\/wp-json\/wp\/v2\/posts\/8487\/revisions\/8510"}],"wp:attachment":[{"href":"https:\/\/numerabilis.u-paris.fr\/medica\/blog\/index.php\/wp-json\/wp\/v2\/media?parent=8487"}],"wp:term":[{"taxonomy":"category","embeddable":true,"href":"https:\/\/numerabilis.u-paris.fr\/medica\/blog\/index.php\/wp-json\/wp\/v2\/categories?post=8487"},{"taxonomy":"post_tag","embeddable":true,"href":"https:\/\/numerabilis.u-paris.fr\/medica\/blog\/index.php\/wp-json\/wp\/v2\/tags?post=8487"}],"curies":[{"name":"wp","href":"https:\/\/api.w.org\/{rel}","templated":true}]}}