{"id":849,"date":"2013-03-13T14:26:39","date_gmt":"2013-03-13T13:26:39","guid":{"rendered":"https:\/\/numerabilis.u-paris.fr\/medica\/blog\/?p=849"},"modified":"2013-03-13T16:27:48","modified_gmt":"2013-03-13T15:27:48","slug":"conference-hippocrate-maladies-emergentes","status":"publish","type":"post","link":"https:\/\/numerabilis.u-paris.fr\/medica\/blog\/index.php\/conference-hippocrate-maladies-emergentes\/","title":{"rendered":"Rencontre d\u2019Hippocrate : Les maladies \u00e9mergentes (tuberculose\u2026), quelles le\u00e7ons ?"},"content":{"rendered":"<p><a title=\"Rencontres d'Hippocrate\" href=\"http:\/\/www.medecine.parisdescartes.fr\/?page_id=6672\" target=\"_blank\"><img loading=\"lazy\" decoding=\"async\" class=\"aligncenter\" title=\"Rencontres d'Hippocrate\" src=\"https:\/\/numerabilis.u-paris.fr\/medica\/blog\/wp-content\/uploads\/RH21-300x102.jpg\" alt=\"Logo rencontres d'Hippocrate\" width=\"452\" height=\"153\" \/><\/a><\/p>\n<p>La prochaine \u00ab\u00a0<a title=\"Rencontres d'Hippocrate\" href=\"http:\/\/www.medecine.parisdescartes.fr\/?page_id=6672\" target=\"_blank\">Rencontre d&rsquo;Hippocrate<\/a>\u00a0\u00bb aura lieu le mardi 19 mars 2013 :<\/p>\n<blockquote><p><strong><em>Les maladies \u00e9mergentes (tuberculose\u2026) : quelles le\u00e7ons ?<\/em><\/strong><\/p><\/blockquote>\n<p>&#8230; par le Pr. <a title=\"Doyen Patrick Berche\" href=\"http:\/\/www.medecine.parisdescartes.fr\/?page_id=449\" target=\"_blank\">Patrick BERCHE<\/a>,\u00a0doyen de la facult\u00e9 de m\u00e9decine Paris Descartes, chef du service de bact\u00e9riologie-virologie-parasitologie et hygi\u00e8ne de l\u2019h\u00f4pital Necker-Enfants malades.<\/p>\n<p>La conf\u00e9rence aura lieu dans <strong>l&rsquo;amphith\u00e9\u00e2tre Richet<\/strong> (15, rue de l&rsquo;Ecole-de-M\u00e9decine, site des Cordeliers, 2e \u00e9tage) de 18h \u00e0 20h30.<\/p>\n<p>L&rsquo;acc\u00e8s \u00e0 ces rencontres est libre et ne n\u00e9cessite pas d&rsquo;inscription.<\/p>\n<p>Retrouvez le programme 2013 et les vid\u00e9os des sessions pr\u00e9c\u00e9dentes <a title=\"Rencontres d'Hippocrate\" href=\"http:\/\/www.medecine.parisdescartes.fr\/?page_id=6672\" target=\"_blank\">en cliquant sur ce lien<\/a>.<\/p>\n<p><img decoding=\"async\" title=\"Lire la suite\u2026\" src=\"https:\/\/numerabilis.u-paris.fr\/medica\/blog\/wp-includes\/js\/tinymce\/plugins\/wordpress\/img\/trans.gif\" alt=\"\" \/><!--more--><\/p>\n<div id=\"schema_block\" class=\"schema_event\"><div itemscope itemtype=\"http:\/\/schema.org\/EducationEvent\"><a class=\"schema_url\" target=\"_blank\" itemprop=\"url\" href=\"http:\/\/www.medecine.parisdescartes.fr\/?page_id=6672\"><div class=\"schema_name\" itemprop=\"name\">Les maladies \u00e9mergentes (tuberculose...) : quelles le\u00e7ons ?<\/div><\/a><div class=\"schema_description\" itemprop=\"description\">Rencontres d&#039;Hippocrate : Les maladies \u00e9mergentes (tuberculose...) : quelles le\u00e7ons ?<\/div><div><meta itemprop=\"startDate\" content=\"2013-02-19T18:00\">Debut: 02\/19\/2013 06:00 pm<\/div><div><meta itemprop=\"endDate\" content=\"2013-03-19:00.000\">Fin: 03\/19\/2013<\/div><div><meta itemprop=\"duration\" content=\"0000-00-00T02:30\">Duree: 2 heures: and 30 minutes<\/div><\/div><div itemprop=\"address\" itemscope itemtype=\"http:\/\/schema.org\/PostalAddress\"><div class=\"street\" itemprop=\"streetAddress\">15, rue de l'Ecole-de-M\u00e9decine<\/div><div class=\"city_state\"><span class=\"locale\" itemprop=\"addressLocality\">Paris<\/span>,<span class=\"region\" itemprop=\"addressRegion\"> \u00cele-de-France<\/span><\/div><div class=\"postalcode\" itemprop=\"postalCode\">75006<\/div><div class=\"country\" itemprop=\"addressCountry\">FR<\/div><\/div><\/div>\n","protected":false},"excerpt":{"rendered":"<p>La prochaine \u00ab\u00a0Rencontre d&rsquo;Hippocrate\u00a0\u00bb aura lieu le mardi 19 mars 2013 : Les maladies \u00e9mergentes (tuberculose\u2026) : quelles le\u00e7ons ? &#8230; par le Pr. Patrick BERCHE,\u00a0doyen de la facult\u00e9 de m\u00e9decine Paris Descartes, chef du service de bact\u00e9riologie-virologie-parasitologie et hygi\u00e8ne de l\u2019h\u00f4pital Necker-Enfants malades. La conf\u00e9rence aura lieu dans l&rsquo;amphith\u00e9\u00e2tre Richet (15, rue de l&rsquo;Ecole-de-M\u00e9decine, &hellip; <a href=\"https:\/\/numerabilis.u-paris.fr\/medica\/blog\/index.php\/conference-hippocrate-maladies-emergentes\/\" class=\"more-link\">Continuer la lecture<span class=\"screen-reader-text\"> de &laquo;&nbsp;Rencontre d\u2019Hippocrate : Les maladies \u00e9mergentes (tuberculose\u2026), quelles le\u00e7ons ?&nbsp;&raquo;<\/span><\/a><\/p>\n","protected":false},"author":1,"featured_media":5000,"comment_status":"open","ping_status":"open","sticky":false,"template":"","format":"standard","meta":{"_monsterinsights_skip_tracking":false,"_monsterinsights_sitenote_active":false,"_monsterinsights_sitenote_note":"","_monsterinsights_sitenote_category":0,"footnotes":""},"categories":[14],"tags":[23,39],"class_list":["post-849","post","type-post","status-publish","format-standard","has-post-thumbnail","hentry","category-medecine-odontologie","tag-conference","tag-maladies-emergentes"],"_links":{"self":[{"href":"https:\/\/numerabilis.u-paris.fr\/medica\/blog\/index.php\/wp-json\/wp\/v2\/posts\/849"}],"collection":[{"href":"https:\/\/numerabilis.u-paris.fr\/medica\/blog\/index.php\/wp-json\/wp\/v2\/posts"}],"about":[{"href":"https:\/\/numerabilis.u-paris.fr\/medica\/blog\/index.php\/wp-json\/wp\/v2\/types\/post"}],"author":[{"embeddable":true,"href":"https:\/\/numerabilis.u-paris.fr\/medica\/blog\/index.php\/wp-json\/wp\/v2\/users\/1"}],"replies":[{"embeddable":true,"href":"https:\/\/numerabilis.u-paris.fr\/medica\/blog\/index.php\/wp-json\/wp\/v2\/comments?post=849"}],"version-history":[{"count":4,"href":"https:\/\/numerabilis.u-paris.fr\/medica\/blog\/index.php\/wp-json\/wp\/v2\/posts\/849\/revisions"}],"predecessor-version":[{"id":855,"href":"https:\/\/numerabilis.u-paris.fr\/medica\/blog\/index.php\/wp-json\/wp\/v2\/posts\/849\/revisions\/855"}],"wp:featuredmedia":[{"embeddable":true,"href":"https:\/\/numerabilis.u-paris.fr\/medica\/blog\/index.php\/wp-json\/wp\/v2\/media\/5000"}],"wp:attachment":[{"href":"https:\/\/numerabilis.u-paris.fr\/medica\/blog\/index.php\/wp-json\/wp\/v2\/media?parent=849"}],"wp:term":[{"taxonomy":"category","embeddable":true,"href":"https:\/\/numerabilis.u-paris.fr\/medica\/blog\/index.php\/wp-json\/wp\/v2\/categories?post=849"},{"taxonomy":"post_tag","embeddable":true,"href":"https:\/\/numerabilis.u-paris.fr\/medica\/blog\/index.php\/wp-json\/wp\/v2\/tags?post=849"}],"curies":[{"name":"wp","href":"https:\/\/api.w.org\/{rel}","templated":true}]}}