{"id":8630,"date":"2015-08-06T17:35:06","date_gmt":"2015-08-06T15:35:06","guid":{"rendered":"https:\/\/numerabilis.u-paris.fr\/medica\/blog\/?p=8630"},"modified":"2015-08-06T17:34:30","modified_gmt":"2015-08-06T15:34:30","slug":"greffe-art-contemporain","status":"publish","type":"post","link":"https:\/\/numerabilis.u-paris.fr\/medica\/blog\/index.php\/greffe-art-contemporain\/","title":{"rendered":"La greffe dans l&rsquo;art contemporain"},"content":{"rendered":"<p style=\"text-align: center;\">Une <strong>nouvelle exposition<\/strong> se tient actuellement au <a title=\"Scriptorial d'Avranches\" href=\"http:\/\/www.scriptorial.fr\/\" target=\"_blank\">Scriptorial d&rsquo;Avranches<\/a>, intitul\u00e9e<\/p>\n<h1 style=\"text-align: center;\"><a title=\"Corps recompos\u00e9s...\" href=\"http:\/\/www.scriptorial.fr\/decouvrez-le-scriptorial\/expositions-et-actus\/retrouvez-l-agenda-du-musee\/event-251-corps-recomposesla-greffe-dans-l-art-contemporain.html\" target=\"_blank\">Corps recompos\u00e9s, la greffe dans l&rsquo;art contemporain<\/a><\/h1>\n<p style=\"text-align: center;\"><strong>du 6 juin au 20 septembre 2015<br \/>\n<\/strong><\/p>\n<p style=\"text-align: center;\"><span><img loading=\"lazy\" decoding=\"async\" class=\"aligncenter size-full wp-image-8632\" title=\"visuelinternet210x125_2__015614400_1132_09062015\" src=\"https:\/\/numerabilis.u-paris.fr\/medica\/blog\/wp-content\/uploads\/visuelinternet210x125_2__015614400_1132_09062015.jpg\" alt=\"\" width=\"600\" height=\"300\" srcset=\"https:\/\/numerabilis.u-paris.fr\/medica\/blog\/wp-content\/uploads\/visuelinternet210x125_2__015614400_1132_09062015.jpg 600w, https:\/\/numerabilis.u-paris.fr\/medica\/blog\/wp-content\/uploads\/visuelinternet210x125_2__015614400_1132_09062015-300x150.jpg 300w\" sizes=\"(max-width: 709px) 85vw, (max-width: 909px) 67vw, (max-width: 984px) 61vw, (max-width: 1362px) 45vw, 600px\" \/><\/span><\/p>\n<p><a href=\"https:\/\/numerabilis.u-paris.fr\/medica\/blog\/wp-content\/uploads\/armelle_5_s__027690900_1049_12062015.jpg\"><img loading=\"lazy\" decoding=\"async\" class=\"alignright size-full wp-image-8634\" title=\"armelle_5_s__027690900_1049_12062015\" src=\"https:\/\/numerabilis.u-paris.fr\/medica\/blog\/wp-content\/uploads\/armelle_5_s__027690900_1049_12062015.jpg\" alt=\"\" width=\"276\" height=\"369\" srcset=\"https:\/\/numerabilis.u-paris.fr\/medica\/blog\/wp-content\/uploads\/armelle_5_s__027690900_1049_12062015.jpg 276w, https:\/\/numerabilis.u-paris.fr\/medica\/blog\/wp-content\/uploads\/armelle_5_s__027690900_1049_12062015-224x300.jpg 224w\" sizes=\"(max-width: 276px) 85vw, 276px\" \/><\/a>\u00ab\u00a0Cette exposition s&rsquo;inscrit dans un projet plus vaste de sensibilisation au <strong>don d&rsquo;organes<\/strong> afin d&rsquo;honorer la m\u00e9moire de ces anonymes, qui par leur g\u00e9n\u00e9rosit\u00e9, ont su sauver des vies. Par la parole des acteurs de la greffe, mais aussi par la voix des artistes, cette exposition invitera chacun \u00e0 s&rsquo;interroger sur l&rsquo;importance de la <strong>transplantation<\/strong> et des enjeux qu&rsquo;elle implique \u00e0 l&rsquo;\u00e9chelle d&rsquo;un corps. Corps recompos\u00e9s ou corps chim\u00e9riques, ils seront au centre de ce parcours artistique valorisant la cr\u00e9ation contemporaine et son implication dans les questions soci\u00e9tales.\u00a0\u00bb<\/p>\n<p>&nbsp;<\/p>\n<div id=\"schema_block\" class=\"schema_event\"><div itemscope itemtype=\"http:\/\/schema.org\/EducationEvent\"><div><meta itemprop=\"startDate\" content=\"2015-06-06\">Debut: 06\/06\/2015<\/div><div><meta itemprop=\"endDate\" content=\"2015-09-20:00.000\">Fin: 09\/20\/2015<\/div><\/div><div itemprop=\"address\" itemscope itemtype=\"http:\/\/schema.org\/PostalAddress\"><div class=\"street\" itemprop=\"streetAddress\">5 rue Geole<\/div><div class=\"city_state\"><span class=\"locale\" itemprop=\"addressLocality\">Avranches<\/span><\/div><div class=\"postalcode\" itemprop=\"postalCode\">50300 <\/div><div class=\"country\" itemprop=\"addressCountry\">FR<\/div><\/div><\/div>\n","protected":false},"excerpt":{"rendered":"<p>Une nouvelle exposition se tient actuellement au Scriptorial d&rsquo;Avranches, intitul\u00e9e Corps recompos\u00e9s, la greffe dans l&rsquo;art contemporain du 6 juin au 20 septembre 2015 \u00ab\u00a0Cette exposition s&rsquo;inscrit dans un projet plus vaste de sensibilisation au don d&rsquo;organes afin d&rsquo;honorer la m\u00e9moire de ces anonymes, qui par leur g\u00e9n\u00e9rosit\u00e9, ont su sauver des vies. Par la &hellip; <a href=\"https:\/\/numerabilis.u-paris.fr\/medica\/blog\/index.php\/greffe-art-contemporain\/\" class=\"more-link\">Continuer la lecture<span class=\"screen-reader-text\"> de &laquo;&nbsp;La greffe dans l&rsquo;art contemporain&nbsp;&raquo;<\/span><\/a><\/p>\n","protected":false},"author":1,"featured_media":0,"comment_status":"open","ping_status":"open","sticky":false,"template":"","format":"standard","meta":{"_monsterinsights_skip_tracking":false,"_monsterinsights_sitenote_active":false,"_monsterinsights_sitenote_note":"","_monsterinsights_sitenote_category":0,"footnotes":""},"categories":[14],"tags":[10],"class_list":["post-8630","post","type-post","status-publish","format-standard","hentry","category-medecine-odontologie","tag-exposition"],"_links":{"self":[{"href":"https:\/\/numerabilis.u-paris.fr\/medica\/blog\/index.php\/wp-json\/wp\/v2\/posts\/8630"}],"collection":[{"href":"https:\/\/numerabilis.u-paris.fr\/medica\/blog\/index.php\/wp-json\/wp\/v2\/posts"}],"about":[{"href":"https:\/\/numerabilis.u-paris.fr\/medica\/blog\/index.php\/wp-json\/wp\/v2\/types\/post"}],"author":[{"embeddable":true,"href":"https:\/\/numerabilis.u-paris.fr\/medica\/blog\/index.php\/wp-json\/wp\/v2\/users\/1"}],"replies":[{"embeddable":true,"href":"https:\/\/numerabilis.u-paris.fr\/medica\/blog\/index.php\/wp-json\/wp\/v2\/comments?post=8630"}],"version-history":[{"count":12,"href":"https:\/\/numerabilis.u-paris.fr\/medica\/blog\/index.php\/wp-json\/wp\/v2\/posts\/8630\/revisions"}],"predecessor-version":[{"id":8712,"href":"https:\/\/numerabilis.u-paris.fr\/medica\/blog\/index.php\/wp-json\/wp\/v2\/posts\/8630\/revisions\/8712"}],"wp:attachment":[{"href":"https:\/\/numerabilis.u-paris.fr\/medica\/blog\/index.php\/wp-json\/wp\/v2\/media?parent=8630"}],"wp:term":[{"taxonomy":"category","embeddable":true,"href":"https:\/\/numerabilis.u-paris.fr\/medica\/blog\/index.php\/wp-json\/wp\/v2\/categories?post=8630"},{"taxonomy":"post_tag","embeddable":true,"href":"https:\/\/numerabilis.u-paris.fr\/medica\/blog\/index.php\/wp-json\/wp\/v2\/tags?post=8630"}],"curies":[{"name":"wp","href":"https:\/\/api.w.org\/{rel}","templated":true}]}}