{"id":8671,"date":"2015-08-05T14:00:09","date_gmt":"2015-08-05T12:00:09","guid":{"rendered":"https:\/\/numerabilis.u-paris.fr\/medica\/blog\/?p=8671"},"modified":"2015-08-04T11:13:29","modified_gmt":"2015-08-04T09:13:29","slug":"reglementation-pharmacies-en-ligne","status":"publish","type":"post","link":"https:\/\/numerabilis.u-paris.fr\/medica\/blog\/index.php\/reglementation-pharmacies-en-ligne\/","title":{"rendered":"Nouvelle r\u00e9glementation europ\u00e9enne pour les pharmacies en ligne"},"content":{"rendered":"<p>Cela avait \u00e9t\u00e9 annonc\u00e9 il y a un an par la Commission europ\u00e9enne : depuis le 1er juillet 2015, les sites Internet des <strong>pharmacies en ligne<\/strong> ont d\u00e9sormais l&rsquo;obligation d&rsquo;afficher un <strong>logo particulier<\/strong>.<\/p>\n<p><a href=\"https:\/\/numerabilis.u-paris.fr\/medica\/blog\/wp-content\/uploads\/National_languages.gif\"><img loading=\"lazy\" decoding=\"async\" class=\"alignright size-full wp-image-8674\" title=\"National_languages\" src=\"https:\/\/numerabilis.u-paris.fr\/medica\/blog\/wp-content\/uploads\/National_languages.gif\" alt=\"\" width=\"300\" height=\"250\" \/><\/a>Cette nouvelle r\u00e9glementation a \u00e9t\u00e9 mise en place pour prot\u00e9ger les consommateurs, face \u00e0 la prolif\u00e9ration des <strong>officines en ligne<\/strong>.<\/p>\n<p>Le logo officiel, agr\u00e9ment\u00e9 du pays d&rsquo;origine du site, est rigoureusement d\u00e9fini dans ses moindres d\u00e9tails techniques. Il doit figurer sur <strong>toutes les pages du site<\/strong> consacr\u00e9es \u00e0 la vente de m\u00e9dicaments.<\/p>\n<p>Seuls les pharmaciens exer\u00e7ant d\u00e9j\u00e0 dans une officine peuvent vendre des m\u00e9dicaments en ligne, et exclusivement ceux disponibles <strong>sans ordonnance<\/strong>.<\/p>\n<p>Les sites font \u00e9galement l&rsquo;objet d\u2019un <strong>enregistrement<\/strong> obligatoire (<em>registres nationaux accessibles en ligne au public<\/em>).<\/p>\n<h2>En savoir plus<\/h2>\n<p><a title=\"Annonce pharmacies en ligne\" href=\"http:\/\/www.service-public.fr\/professionnels-entreprises\/actualites\/007869.html\" target=\"_blank\">L&rsquo;annonce sur le site service-public.fr<\/a><\/p>\n<p><a title=\"R\u00e9glement pharmacies en ligne\" href=\"http:\/\/eur-lex.europa.eu\/legal-content\/FR\/TXT\/PDF\/?uri=CELEX:32014R0699&amp;from=FR\" target=\"_blank\">Le r\u00e8glement dans le journal officiel de l&rsquo;Union europ\u00e9enne<\/a><\/p>\n<p><a href=\"http:\/\/www.legifrance.gouv.fr\/jo_pdf.do?cidTexte=JORFTEXT000027592947\" target=\"_blank\">Arr\u00eat\u00e9 du 20 juin 2013 relatif aux bonnes pratiques de dispensation des m\u00e9dicaments par voie \u00e9lectronique<\/a><\/p>\n<p><a href=\"http:\/\/www.ordre.pharmacien.fr\/Le-patient\/Vente-de-medicaments-sur-Internet-en-France\" target=\"_blank\">Liste des sites fran\u00e7ais de vente en ligne de m\u00e9dicaments<\/a>, sur le site de l&rsquo;Ordre national des pharmaciens<\/p>\n<p><a title=\"Communiqu\u00e9 UE\" href=\"http:\/\/europa.eu\/rapid\/press-release_IP-14-712_fr.htm\" target=\"_blank\">Communiqu\u00e9 de presse de la Commission europ\u00e9enne du 24 juin 2014 annon\u00e7ant ces mesures<\/a> (avec mise en place au 2<sup>\u00e8me<\/sup> semestre 2015, nous y sommes\u00a0!)\u00a0:<\/p>\n<p><a title=\"Article EMA\" href=\"http:\/\/www.ema.europa.eu\/ema\/index.jsp?curl=pages\/news_and_events\/news\/2015\/07\/news_detail_002358.jsp&amp;mid=WC0b01ac058004d5c1\" target=\"_blank\">Un article (en anglais) publi\u00e9 \u00e0 cette occasion par l&rsquo;EMA (European Medicines Agency) le 1er juillet 2015<\/a><\/p>\n<p><a title=\"D\u00e9bat EU\" href=\"http:\/\/www.asop.eu\/call-to-action-as-pan-european-patient-safety-init\" target=\"_blank\">Un article (en anglais) sur un d\u00e9bat organis\u00e9 \u00e0 cette occasion par l\u2019ASOP (Alliance for Safe Online Pharmacies) au Parlement europ\u00e9en le 2 juillet 2015<\/a><\/p>\n<p>Merci \u00e0 notre lectrice, Mme C. La Croix, qui nous a signal\u00e9 cette information.<\/p>\n<p style=\"text-align: right;\"><a title=\"Adresse Alain Delaforge\" href=\"&#x6d;&#x61;&#x69;&#108;&#116;o:&#x61;&#x6c;&#x61;&#x69;&#110;&#46;de&#x6c;&#x61;&#x66;&#111;&#114;&#103;e&#64;&#x62;&#x69;&#x75;&#115;&#97;nt&#x65;&#x2e;&#x70;&#x61;&#114;&#105;sd&#x65;&#x73;&#x63;&#97;&#114;&#116;es&#x2e;&#x66;&#x72;\" target=\"_blank\">Alain Delaforge<\/a>\u00a0 et <a href=\"&#x6d;&#x61;&#x69;&#x6c;&#x74;&#x6f;&#x3a;&#x64;&#x61;&#x76;&#x69;&#x64;&#x2e;&#x62;&#101;&#110;&#111;&#105;&#115;&#116;&#64;&#98;&#105;&#117;&#115;ante&#46;par&#x69;&#x73;&#x64;&#x65;&#x73;&#x63;&#x61;&#x72;&#x74;&#x65;&#x73;&#x2e;&#x66;&#x72;\" target=\"_blank\">David Benoist<\/a><\/p>\n","protected":false},"excerpt":{"rendered":"<p>Cela avait \u00e9t\u00e9 annonc\u00e9 il y a un an par la Commission europ\u00e9enne : depuis le 1er juillet 2015, les sites Internet des pharmacies en ligne ont d\u00e9sormais l&rsquo;obligation d&rsquo;afficher un logo particulier. Cette nouvelle r\u00e9glementation a \u00e9t\u00e9 mise en place pour prot\u00e9ger les consommateurs, face \u00e0 la prolif\u00e9ration des officines en ligne. Le logo &hellip; <a href=\"https:\/\/numerabilis.u-paris.fr\/medica\/blog\/index.php\/reglementation-pharmacies-en-ligne\/\" class=\"more-link\">Continuer la lecture<span class=\"screen-reader-text\"> de &laquo;&nbsp;Nouvelle r\u00e9glementation europ\u00e9enne pour les pharmacies en ligne&nbsp;&raquo;<\/span><\/a><\/p>\n","protected":false},"author":1,"featured_media":0,"comment_status":"open","ping_status":"open","sticky":false,"template":"","format":"standard","meta":{"_monsterinsights_skip_tracking":false,"_monsterinsights_sitenote_active":false,"_monsterinsights_sitenote_note":"","_monsterinsights_sitenote_category":0,"footnotes":""},"categories":[15],"tags":[244,243],"class_list":["post-8671","post","type-post","status-publish","format-standard","hentry","category-pharmacie-biologie-cosmetologie","tag-lutte-contre-la-contrefacon-de-medicaments","tag-vente-en-ligne-de-medicaments"],"_links":{"self":[{"href":"https:\/\/numerabilis.u-paris.fr\/medica\/blog\/index.php\/wp-json\/wp\/v2\/posts\/8671"}],"collection":[{"href":"https:\/\/numerabilis.u-paris.fr\/medica\/blog\/index.php\/wp-json\/wp\/v2\/posts"}],"about":[{"href":"https:\/\/numerabilis.u-paris.fr\/medica\/blog\/index.php\/wp-json\/wp\/v2\/types\/post"}],"author":[{"embeddable":true,"href":"https:\/\/numerabilis.u-paris.fr\/medica\/blog\/index.php\/wp-json\/wp\/v2\/users\/1"}],"replies":[{"embeddable":true,"href":"https:\/\/numerabilis.u-paris.fr\/medica\/blog\/index.php\/wp-json\/wp\/v2\/comments?post=8671"}],"version-history":[{"count":10,"href":"https:\/\/numerabilis.u-paris.fr\/medica\/blog\/index.php\/wp-json\/wp\/v2\/posts\/8671\/revisions"}],"predecessor-version":[{"id":8696,"href":"https:\/\/numerabilis.u-paris.fr\/medica\/blog\/index.php\/wp-json\/wp\/v2\/posts\/8671\/revisions\/8696"}],"wp:attachment":[{"href":"https:\/\/numerabilis.u-paris.fr\/medica\/blog\/index.php\/wp-json\/wp\/v2\/media?parent=8671"}],"wp:term":[{"taxonomy":"category","embeddable":true,"href":"https:\/\/numerabilis.u-paris.fr\/medica\/blog\/index.php\/wp-json\/wp\/v2\/categories?post=8671"},{"taxonomy":"post_tag","embeddable":true,"href":"https:\/\/numerabilis.u-paris.fr\/medica\/blog\/index.php\/wp-json\/wp\/v2\/tags?post=8671"}],"curies":[{"name":"wp","href":"https:\/\/api.w.org\/{rel}","templated":true}]}}