{"id":9,"date":"2012-11-14T10:58:39","date_gmt":"2012-11-14T09:58:39","guid":{"rendered":"http:\/\/194.254.96.24\/wordpress\/?p=9"},"modified":"2017-06-02T10:24:18","modified_gmt":"2017-06-02T08:24:18","slug":"essor-politiques-hygiene-asclepiades","status":"publish","type":"post","link":"https:\/\/numerabilis.u-paris.fr\/medica\/blog\/index.php\/essor-politiques-hygiene-asclepiades\/","title":{"rendered":"L&rsquo;essor des politiques d&rsquo;hygi\u00e8ne sur Ascl\u00e9piades"},"content":{"rendered":"<p>Nouvellement publi\u00e9 sur <a href=\"https:\/\/www.biusante.parisdescartes.fr\/histmed\/asclepiades.htm\"> Ascl\u00e9piades<\/a>,\u00a0 <em><strong>\u00ab\u00a0La naissance du Paris moderne. L&rsquo;essor des politiques d&rsquo;hygi\u00e8ne (1788-1855)\u00a0\u00bb<\/strong><\/em> de <a href=\"http:\/\/www.sites.univ-rennes2.fr\/histoire-critique-arts\/Fabienne_Chevallier.html\"> Fabienne Chevallier<\/a>.<\/p>\n<p>&nbsp;<\/p>\n<p>Ce travail de recherche pr\u00e9sente les politiques d&rsquo;hygi\u00e8ne mises en place \u00e0 Paris au lendemain de la R\u00e9volution. Le renouveau de la pens\u00e9e scientifique et m\u00e9dicale est alors mis \u00e0 profit par l&rsquo;administration pour sa r\u00e9flexion sur les r\u00e9seaux urbains, la rue, l&rsquo;hygi\u00e8ne dans la construction publique (abattoirs, greniers, halles et march\u00e9s)&#8230;<\/p>\n<p>Les sujets \u00e9voqu\u00e9s sont compl\u00e9t\u00e9s par des notices sur la vie et l&rsquo;\u0153uvre des grands personnages du domaine.<\/p>\n<p>La p\u00e9riode 1855-1898 a quant \u00e0 elle d\u00e9j\u00e0 \u00e9t\u00e9 trait\u00e9e dans <a href=\"http:\/\/www.pur-editions.fr\/detail.php?idOuv=2363\">un ouvrage pr\u00e9c\u00e9dent<\/a>, publi\u00e9 aux presses universitaires de Rennes en 2010.<\/p>\n","protected":false},"excerpt":{"rendered":"<p>Nouvellement publi\u00e9 sur Ascl\u00e9piades,\u00a0 \u00ab\u00a0La naissance du Paris moderne. L&rsquo;essor des politiques d&rsquo;hygi\u00e8ne (1788-1855)\u00a0\u00bb de Fabienne Chevallier. &nbsp; Ce travail de recherche pr\u00e9sente les politiques d&rsquo;hygi\u00e8ne mises en place \u00e0 Paris au lendemain de la R\u00e9volution. Le renouveau de la pens\u00e9e scientifique et m\u00e9dicale est alors mis \u00e0 profit par l&rsquo;administration pour sa r\u00e9flexion sur &hellip; <a href=\"https:\/\/numerabilis.u-paris.fr\/medica\/blog\/index.php\/essor-politiques-hygiene-asclepiades\/\" class=\"more-link\">Continuer la lecture<span class=\"screen-reader-text\"> de &laquo;&nbsp;L&rsquo;essor des politiques d&rsquo;hygi\u00e8ne sur Ascl\u00e9piades&nbsp;&raquo;<\/span><\/a><\/p>\n","protected":false},"author":1,"featured_media":0,"comment_status":"open","ping_status":"open","sticky":false,"template":"","format":"standard","meta":{"_monsterinsights_skip_tracking":false,"_monsterinsights_sitenote_active":false,"_monsterinsights_sitenote_note":"","_monsterinsights_sitenote_category":0,"footnotes":""},"categories":[7],"tags":[9],"class_list":["post-9","post","type-post","status-publish","format-standard","hentry","category-histoiresante","tag-asclepiades"],"_links":{"self":[{"href":"https:\/\/numerabilis.u-paris.fr\/medica\/blog\/index.php\/wp-json\/wp\/v2\/posts\/9"}],"collection":[{"href":"https:\/\/numerabilis.u-paris.fr\/medica\/blog\/index.php\/wp-json\/wp\/v2\/posts"}],"about":[{"href":"https:\/\/numerabilis.u-paris.fr\/medica\/blog\/index.php\/wp-json\/wp\/v2\/types\/post"}],"author":[{"embeddable":true,"href":"https:\/\/numerabilis.u-paris.fr\/medica\/blog\/index.php\/wp-json\/wp\/v2\/users\/1"}],"replies":[{"embeddable":true,"href":"https:\/\/numerabilis.u-paris.fr\/medica\/blog\/index.php\/wp-json\/wp\/v2\/comments?post=9"}],"version-history":[{"count":5,"href":"https:\/\/numerabilis.u-paris.fr\/medica\/blog\/index.php\/wp-json\/wp\/v2\/posts\/9\/revisions"}],"predecessor-version":[{"id":14234,"href":"https:\/\/numerabilis.u-paris.fr\/medica\/blog\/index.php\/wp-json\/wp\/v2\/posts\/9\/revisions\/14234"}],"wp:attachment":[{"href":"https:\/\/numerabilis.u-paris.fr\/medica\/blog\/index.php\/wp-json\/wp\/v2\/media?parent=9"}],"wp:term":[{"taxonomy":"category","embeddable":true,"href":"https:\/\/numerabilis.u-paris.fr\/medica\/blog\/index.php\/wp-json\/wp\/v2\/categories?post=9"},{"taxonomy":"post_tag","embeddable":true,"href":"https:\/\/numerabilis.u-paris.fr\/medica\/blog\/index.php\/wp-json\/wp\/v2\/tags?post=9"}],"curies":[{"name":"wp","href":"https:\/\/api.w.org\/{rel}","templated":true}]}}