{"id":9240,"date":"2015-11-04T13:24:19","date_gmt":"2015-11-04T12:24:19","guid":{"rendered":"https:\/\/numerabilis.u-paris.fr\/medica\/blog\/?p=9240"},"modified":"2015-11-05T13:28:51","modified_gmt":"2015-11-05T12:28:51","slug":"du-histoire-medecine-2015","status":"publish","type":"post","link":"https:\/\/numerabilis.u-paris.fr\/medica\/blog\/index.php\/du-histoire-medecine-2015\/","title":{"rendered":"DU Histoire de la m\u00e9decine"},"content":{"rendered":"<p>Plus que quelques jours (<strong><em>jusqu&rsquo;au 13 novembre 2015<\/em><\/strong>) pour vous inscrire au <strong><a href=\"http:\/\/www.scfc.parisdescartes.fr\/index.php\/descartes\/formations\/medecine\/divers\/du-histoire-de-la-medecine\" target=\"_blank\">DU Histoire de la m\u00e9decine<\/a><\/strong>.<\/p>\n<figure id=\"attachment_9245\" aria-describedby=\"caption-attachment-9245\" style=\"width: 350px\" class=\"wp-caption alignright\"><img loading=\"lazy\" decoding=\"async\" class=\"wp-image-9245 size-full\" title=\"\" src=\"https:\/\/numerabilis.u-paris.fr\/medica\/blog\/wp-content\/uploads\/ParisDescartes_1591.jpg\" alt=\"ParisDescartes_159\" width=\"350\" height=\"263\" srcset=\"https:\/\/numerabilis.u-paris.fr\/medica\/blog\/wp-content\/uploads\/ParisDescartes_1591.jpg 350w, https:\/\/numerabilis.u-paris.fr\/medica\/blog\/wp-content\/uploads\/ParisDescartes_1591-300x225.jpg 300w, https:\/\/numerabilis.u-paris.fr\/medica\/blog\/wp-content\/uploads\/ParisDescartes_1591-160x120.jpg 160w\" sizes=\"(max-width: 350px) 85vw, 350px\" \/><figcaption id=\"caption-attachment-9245\" class=\"wp-caption-text\">Phototh\u00e8que Descartes &#8211; Leblond-Duniach<\/figcaption><\/figure>\n<p>Il est organis\u00e9 par la <a href=\"http:\/\/www.medecine.parisdescartes.fr\/\" target=\"_blank\">facult\u00e9 de m\u00e9decine Paris Descartes<\/a>, en collaboration avec les enseignants de <a href=\"http:\/\/www.institutdroitsante.com\/homefr.html\" target=\"_blank\">l&rsquo;Institut Droit et sant\u00e9<\/a> de l&rsquo;universit\u00e9 Paris Descartes et de <a href=\"https:\/\/www.biusante.parisdescartes.fr\/sfhm\/\" target=\"_blank\">la soci\u00e9t\u00e9 fran\u00e7aise d&rsquo;Histoire de la m\u00e9decine<\/a>. Il fera intervenir m\u00e9decins, historiens, sociologues, anthropologues, philosophes, juristes et \u00e9conomistes de la sant\u00e9.<span class=\"Apple-converted-space\"><br \/>\n<\/span><\/p>\n<p>Dipl\u00f4me codirig\u00e9 par <strong>Patrick Berche<\/strong>, doyen honoraire de la facult\u00e9 de m\u00e9decine de Paris Descartes, et <strong>Jean-No\u00ebl Fabiani<\/strong>, chirurgien, chef du p\u00f4le de chirurgie cardiovasculaire de l\u2019h\u00f4pital europ\u00e9en Georges-Pompidou \u00e0 Paris.<\/p>\n<p>Cette formation accueille des \u00e9tudiants en <strong>pr\u00e9sentiel<\/strong> mais peut-\u00eatre aussi suivie <strong>\u00e0 distance<\/strong>.<\/p>\n<p>Ce Dipl\u00f4me est ouvert, en formation initiale aux <strong>\u00e9tudiants des fili\u00e8res de la sant\u00e9<\/strong> : m\u00e9decine, odontologie, pharmacie, soins infirmiers, ma\u00efeutique, orthophonistes, psychologie etc. mais aussi aux <strong>\u00e9tudiants d\u2019autres UFR<\/strong> : sciences, lettres, droit\u2026 En formation continue aux m\u00e9decins et autres sp\u00e9cialistes professionnels des diff\u00e9rentes fili\u00e8res de la sant\u00e9. L\u2019autorisation de l\u2019un des directeurs de l\u2019enseignement doit pr\u00e9c\u00e9der l\u2019inscription administrative.<span class=\"Apple-converted-space\"><br \/>\n<\/span><\/p>\n<h2>En savoir plus<\/h2>\n<p><a href=\"http:\/\/www.scfc.parisdescartes.fr\/index.php\/descartes\/formations\/medecine\/divers\/du-histoire-de-la-medecine\" target=\"_blank\">DU Histoire de la m\u00e9decine<\/a><\/p>\n","protected":false},"excerpt":{"rendered":"<p>Plus que quelques jours (jusqu&rsquo;au 13 novembre 2015) pour vous inscrire au DU Histoire de la m\u00e9decine. Il est organis\u00e9 par la facult\u00e9 de m\u00e9decine Paris Descartes, en collaboration avec les enseignants de l&rsquo;Institut Droit et sant\u00e9 de l&rsquo;universit\u00e9 Paris Descartes et de la soci\u00e9t\u00e9 fran\u00e7aise d&rsquo;Histoire de la m\u00e9decine. Il fera intervenir m\u00e9decins, historiens, &hellip; <a href=\"https:\/\/numerabilis.u-paris.fr\/medica\/blog\/index.php\/du-histoire-medecine-2015\/\" class=\"more-link\">Continuer la lecture<span class=\"screen-reader-text\"> de &laquo;&nbsp;DU Histoire de la m\u00e9decine&nbsp;&raquo;<\/span><\/a><\/p>\n","protected":false},"author":1,"featured_media":0,"comment_status":"open","ping_status":"open","sticky":false,"template":"","format":"standard","meta":{"_monsterinsights_skip_tracking":false,"_monsterinsights_sitenote_active":false,"_monsterinsights_sitenote_note":"","_monsterinsights_sitenote_category":0,"footnotes":""},"categories":[7],"tags":[22],"class_list":["post-9240","post","type-post","status-publish","format-standard","hentry","category-histoiresante","tag-formation"],"_links":{"self":[{"href":"https:\/\/numerabilis.u-paris.fr\/medica\/blog\/index.php\/wp-json\/wp\/v2\/posts\/9240"}],"collection":[{"href":"https:\/\/numerabilis.u-paris.fr\/medica\/blog\/index.php\/wp-json\/wp\/v2\/posts"}],"about":[{"href":"https:\/\/numerabilis.u-paris.fr\/medica\/blog\/index.php\/wp-json\/wp\/v2\/types\/post"}],"author":[{"embeddable":true,"href":"https:\/\/numerabilis.u-paris.fr\/medica\/blog\/index.php\/wp-json\/wp\/v2\/users\/1"}],"replies":[{"embeddable":true,"href":"https:\/\/numerabilis.u-paris.fr\/medica\/blog\/index.php\/wp-json\/wp\/v2\/comments?post=9240"}],"version-history":[{"count":11,"href":"https:\/\/numerabilis.u-paris.fr\/medica\/blog\/index.php\/wp-json\/wp\/v2\/posts\/9240\/revisions"}],"predecessor-version":[{"id":9252,"href":"https:\/\/numerabilis.u-paris.fr\/medica\/blog\/index.php\/wp-json\/wp\/v2\/posts\/9240\/revisions\/9252"}],"wp:attachment":[{"href":"https:\/\/numerabilis.u-paris.fr\/medica\/blog\/index.php\/wp-json\/wp\/v2\/media?parent=9240"}],"wp:term":[{"taxonomy":"category","embeddable":true,"href":"https:\/\/numerabilis.u-paris.fr\/medica\/blog\/index.php\/wp-json\/wp\/v2\/categories?post=9240"},{"taxonomy":"post_tag","embeddable":true,"href":"https:\/\/numerabilis.u-paris.fr\/medica\/blog\/index.php\/wp-json\/wp\/v2\/tags?post=9240"}],"curies":[{"name":"wp","href":"https:\/\/api.w.org\/{rel}","templated":true}]}}