{"id":9310,"date":"2015-11-10T18:57:01","date_gmt":"2015-11-10T17:57:01","guid":{"rendered":"https:\/\/numerabilis.u-paris.fr\/medica\/blog\/?p=9310"},"modified":"2015-11-13T09:29:45","modified_gmt":"2015-11-13T08:29:45","slug":"fonds-alberic-pont","status":"publish","type":"post","link":"https:\/\/numerabilis.u-paris.fr\/medica\/blog\/index.php\/fonds-alberic-pont\/","title":{"rendered":"Mise en ligne du fonds Alb\u00e9ric Pont"},"content":{"rendered":"<p style=\"text-align: justify;\">Dans le cadre de la comm\u00e9moration du centenaire de <strong>la Premi\u00e8re Guerre mondiale<\/strong>, la Biblioth\u00e8que interuniversitaire de Sant\u00e9 a tenu \u00e0 apporter sa pierre \u00e0 l\u2019\u00e9difice m\u00e9moriel\u00a0en facilitant l\u2019acc\u00e8s au fonds du <a href=\"http:\/\/www.verdun-meuse.fr\/index.php?qs=fr\/ressources\/le-docteur-alberic-pont-%281870-1960%29,-chirurgi\" target=\"_blank\">Dr Alb\u00e9ric Pont<\/a> gr\u00e2ce \u00e0 la <strong>num\u00e9risation<\/strong> et \u00e0 la <strong>mise en ligne<\/strong> d\u2019un grand nombre de documents.<\/p>\n<figure id=\"attachment_9323\" aria-describedby=\"caption-attachment-9323\" style=\"width: 300px\" class=\"wp-caption aligncenter\"><a href=\"https:\/\/numerabilis.u-paris.fr\/medica\/blog\/wp-content\/uploads\/0136-size.jpg\" target=\"_blank\"><img loading=\"lazy\" decoding=\"async\" class=\"wp-image-9323 size-medium\" title=\"\" src=\"https:\/\/numerabilis.u-paris.fr\/medica\/blog\/wp-content\/uploads\/0136-size-300x215.jpg\" alt=\"0136\" width=\"300\" height=\"215\" srcset=\"https:\/\/numerabilis.u-paris.fr\/medica\/blog\/wp-content\/uploads\/0136-size-300x215.jpg 300w, https:\/\/numerabilis.u-paris.fr\/medica\/blog\/wp-content\/uploads\/0136-size-1024x735.jpg 1024w, https:\/\/numerabilis.u-paris.fr\/medica\/blog\/wp-content\/uploads\/0136-size.jpg 1102w\" sizes=\"(max-width: 300px) 85vw, 300px\" \/><\/a><figcaption id=\"caption-attachment-9323\" class=\"wp-caption-text\"><a href=\"https:\/\/www.biusante.parisdescartes.fr\/histmed\/image?medpont_gc_album_01x0136\" target=\"_blank\">Album 1<\/a><\/figcaption><\/figure>\n<p style=\"text-align: justify;\">Rappelons en effet que la biblioth\u00e8que a acquis en <strong>2012<\/strong> un important ensemble ayant appartenu au Dr Pont, gr\u00e2ce au soutien de la <a href=\"https:\/\/www.biusante.parisdescartes.fr\/sfhad\/\" target=\"_blank\">Soci\u00e9t\u00e9 fran\u00e7aise d\u2019histoire de l\u2019art dentaire<\/a>,\u00a0du <a href=\"https:\/\/gssosinfo.wordpress.com\/\" target=\"_blank\">Groupement des soci\u00e9t\u00e9s scientifiques odonto-stomatologiques<\/a>, de\u00a0<a href=\"http:\/\/www.sfrpmf.org\/\" target=\"_blank\">la Soci\u00e9t\u00e9 francophone de r\u00e9habilitation maxillo-faciale<\/a> et de\u00a0<a href=\"http:\/\/www.gueules-cassees.asso.fr\/\" target=\"_blank\">la Fondation des gueules cass\u00e9es<\/a>.<\/p>\n<p style=\"text-align: justify;\">Ce fonds compte, entre autres, deux albums de photographies des <strong>Gueules cass\u00e9es<\/strong> que le stomatologue avait prises en charge \u00e0 Lyon, entre 1914 et 1918. Le premier d&rsquo;entre eux\u00a0comporte des commentaires, une \u00ab\u00a0<em>histoire de la maladie<\/em>\u00a0\u00bb succincte mais riche d&rsquo;informations.<\/p>\n<p style=\"text-align: justify;\">Ces albums sont d\u00e9sormais consultables dans la biblioth\u00e8que num\u00e9rique <strong><em>Medic@<\/em><\/strong> \u00e0 cette adresse\u00a0: <a href=\"https:\/\/www.biusante.parisdescartes.fr\/histmed\/medica\/cote?pont_gc_album\" target=\"_blank\">https:\/\/www.biusante.parisdescartes.fr\/histmed\/medica\/cote?pont_gc_album<\/a><\/p>\n<p style=\"text-align: justify;\">La biblioth\u00e8que poss\u00e8de en outre un grand nombre de <strong>documents annexes<\/strong>\u00a0: d\u2019autres photographies et plaques de verre,\u00a0des c\u00e9roplasties des visages des patients (<em>une imagerie en trois dimensions avant la lettre<\/em>), des moulages, des instruments de travail et des publications, regroup\u00e9s dans la banque d\u2019images de la BIU Sant\u00e9 \u00e0 l&rsquo;adresse suivante: <a href=\"https:\/\/www.biusante.parisdescartes.fr\/histoire\/images\/index.php?mod=a&amp;orig=BIUMICOPON\" target=\"_blank\">https:\/\/www.biusante.parisdescartes.fr\/histoire\/images\/index.php?mod=a&amp;orig=BIUMICOPON<\/a><\/p>\n<div id='gallery-1' class='gallery galleryid-9310 gallery-columns-2 gallery-size-medium'><figure class='gallery-item'>\n\t\t\t<div class='gallery-icon portrait'>\n\t\t\t\t<a href='https:\/\/numerabilis.u-paris.fr\/medica\/blog\/wp-content\/uploads\/pont_gc_moulage_02a-size.jpg'><img loading=\"lazy\" decoding=\"async\" width=\"225\" height=\"300\" src=\"https:\/\/numerabilis.u-paris.fr\/medica\/blog\/wp-content\/uploads\/pont_gc_moulage_02a-size-225x300.jpg\" class=\"attachment-medium size-medium\" alt=\"\" aria-describedby=\"gallery-1-9324\" srcset=\"https:\/\/numerabilis.u-paris.fr\/medica\/blog\/wp-content\/uploads\/pont_gc_moulage_02a-size-225x300.jpg 225w, https:\/\/numerabilis.u-paris.fr\/medica\/blog\/wp-content\/uploads\/pont_gc_moulage_02a-size.jpg 266w\" sizes=\"(max-width: 225px) 85vw, 225px\" \/><\/a>\n\t\t\t<\/div>\n\t\t\t\t<figcaption class='wp-caption-text gallery-caption' id='gallery-1-9324'>\n\t\t\t\t<a  target=\"_blank\" href=\"https:\/\/www.biusante.parisdescartes.fr\/histmed\/image?pont_gc_moulage_02\">Moulage 2<\/a>\n\t\t\t\t<\/figcaption><\/figure><figure class='gallery-item'>\n\t\t\t<div class='gallery-icon portrait'>\n\t\t\t\t<a href='https:\/\/numerabilis.u-paris.fr\/medica\/blog\/wp-content\/uploads\/pont_pg_photo_064-size.jpg'><img loading=\"lazy\" decoding=\"async\" width=\"225\" height=\"300\" src=\"https:\/\/numerabilis.u-paris.fr\/medica\/blog\/wp-content\/uploads\/pont_pg_photo_064-size-225x300.jpg\" class=\"attachment-medium size-medium\" alt=\"\" aria-describedby=\"gallery-1-9325\" srcset=\"https:\/\/numerabilis.u-paris.fr\/medica\/blog\/wp-content\/uploads\/pont_pg_photo_064-size-225x300.jpg 225w, https:\/\/numerabilis.u-paris.fr\/medica\/blog\/wp-content\/uploads\/pont_pg_photo_064-size.jpg 591w\" sizes=\"(max-width: 225px) 85vw, 225px\" \/><\/a>\n\t\t\t<\/div>\n\t\t\t\t<figcaption class='wp-caption-text gallery-caption' id='gallery-1-9325'>\n\t\t\t\t<a  target=\"_blank\" href=\"https:\/\/www.biusante.parisdescartes.fr\/histmed\/image?pont_gc_photo_298\">Hors albums<\/a>\n\t\t\t\t<\/figcaption><\/figure>\n\t\t<\/div>\n\n<p style=\"text-align: justify;\">Le fonds repr\u00e9sente ainsi plus de <strong>deux mille documents<\/strong> dont la majeure partie a \u00e9t\u00e9 num\u00e9ris\u00e9e et est aujourd&rsquo;hui offerte au public. Cette mise en ligne a \u00e9t\u00e9 rendue possible gr\u00e2ce au m\u00e9c\u00e9nat de la <strong><a href=\"http:\/\/www.gueules-cassees.asso.fr\/\" target=\"_blank\">Fondation des Gueules Cass\u00e9es<\/a><\/strong> qui a subventionn\u00e9 les travaux num\u00e9riques n\u00e9cessaires.\u00a0Elle permet une <strong>consultation<\/strong> ais\u00e9e et ouverte \u00e0 tous, et favorise\u00a0\u00e9galement la <strong>pr\u00e9servation<\/strong> des originaux, qui restent toutefois communicables sur demande motiv\u00e9e.<\/p>\n<p style=\"text-align: justify;\">Nous attirons l&rsquo;attention des usagers sur le fait qu&rsquo;un important travail de <strong>structuration des donn\u00e9es<\/strong> a \u00e9t\u00e9 effectu\u00e9 afin de regrouper les documents concernant un m\u00eame patient ou un m\u00eame type de traumatisme.<\/p>\n<p style=\"text-align: justify;\">Toutes les mentions de noms des\u00a0soldats\u00a0ont\u00a0bien s\u00fbr\u00a0\u00e9t\u00e9 masqu\u00e9es sur les images diffus\u00e9es en ligne afin de pr\u00e9server leur <strong>anonymat<\/strong>. Cependant,\u00a0dans le cadre d&rsquo;une <strong>recherche g\u00e9n\u00e9alogique<\/strong>, il est possible de <a href=\"https:\/\/www.biusante.parisdescartes.fr\/infos\/contacts\/infohist.php\" target=\"_blank\">contacter directement le service d&rsquo;histoire de la sant\u00e9<\/a> pour plus d&rsquo;informations.<\/p>\n<p style=\"text-align: justify;\">Outre cet ensemble documentaire, il existe sur le travail du Dr Pont des\u00a0<strong>\u00e9l\u00e9ments compl\u00e9mentaires<\/strong> conserv\u00e9s dans d&rsquo;autres institutions, notamment\u00a0au <a href=\"http:\/\/www.bm-lyon.fr\/nos-blogs\/la-documentation-regionale\/journal-de-bord\/article\/le-fonds-photographique-des\" target=\"_blank\">Mus\u00e9e des Hospices civils de Lyon<\/a>\u00a0et au <a href=\"http:\/\/www.ecole-valdegrace.sante.defense.gouv.fr\/bibliotheque-musee\/musee-du-service-de-sante-des-armees\" target=\"_blank\">Mus\u00e9e du Service de Sant\u00e9 des arm\u00e9es du Val-de-Gr\u00e2ce<\/a>.\u00a0Le fonds Alb\u00e9ric Pont,\u00a0source\u00a0pr\u00e9cieuse pour l\u2019histoire de la Grande Guerre et pour l\u2019histoire de la m\u00e9decine &#8211; notamment concernant les techniques de <strong>chirurgie r\u00e9paratrice<\/strong> et les techniques d\u2019<strong>imagerie m\u00e9dicale<\/strong> \u2013 m\u00e9riterait, en cons\u00e9quence, une \u00e9tude approfondie que nous encourageons.<\/p>\n<div id='gallery-2' class='gallery galleryid-9310 gallery-columns-2 gallery-size-medium'><figure class='gallery-item'>\n\t\t\t<div class='gallery-icon portrait'>\n\t\t\t\t<a href='https:\/\/numerabilis.u-paris.fr\/medica\/blog\/wp-content\/uploads\/pont_gc_photo_197-size.jpg'><img loading=\"lazy\" decoding=\"async\" width=\"222\" height=\"300\" src=\"https:\/\/numerabilis.u-paris.fr\/medica\/blog\/wp-content\/uploads\/pont_gc_photo_197-size-222x300.jpg\" class=\"attachment-medium size-medium\" alt=\"\" aria-describedby=\"gallery-2-9329\" srcset=\"https:\/\/numerabilis.u-paris.fr\/medica\/blog\/wp-content\/uploads\/pont_gc_photo_197-size-222x300.jpg 222w, https:\/\/numerabilis.u-paris.fr\/medica\/blog\/wp-content\/uploads\/pont_gc_photo_197-size-757x1024.jpg 757w, https:\/\/numerabilis.u-paris.fr\/medica\/blog\/wp-content\/uploads\/pont_gc_photo_197-size.jpg 787w\" sizes=\"(max-width: 222px) 85vw, 222px\" \/><\/a>\n\t\t\t<\/div>\n\t\t\t\t<figcaption class='wp-caption-text gallery-caption' id='gallery-2-9329'>\n\t\t\t\t<a target=\"_blank\" href=\"https:\/\/www.biusante.parisdescartes.fr\/histmed\/image?pont_gc_photo_197\">Hors albums<\/a>\n\t\t\t\t<\/figcaption><\/figure><figure class='gallery-item'>\n\t\t\t<div class='gallery-icon landscape'>\n\t\t\t\t<a href='https:\/\/numerabilis.u-paris.fr\/medica\/blog\/wp-content\/uploads\/0100-size.jpg'><img loading=\"lazy\" decoding=\"async\" width=\"300\" height=\"198\" src=\"https:\/\/numerabilis.u-paris.fr\/medica\/blog\/wp-content\/uploads\/0100-size-300x198.jpg\" class=\"attachment-medium size-medium\" alt=\"\" aria-describedby=\"gallery-2-9327\" srcset=\"https:\/\/numerabilis.u-paris.fr\/medica\/blog\/wp-content\/uploads\/0100-size-300x198.jpg 300w, https:\/\/numerabilis.u-paris.fr\/medica\/blog\/wp-content\/uploads\/0100-size-1024x675.jpg 1024w, https:\/\/numerabilis.u-paris.fr\/medica\/blog\/wp-content\/uploads\/0100-size-120x80.jpg 120w, https:\/\/numerabilis.u-paris.fr\/medica\/blog\/wp-content\/uploads\/0100-size.jpg 1615w\" sizes=\"(max-width: 300px) 85vw, 300px\" \/><\/a>\n\t\t\t<\/div>\n\t\t\t\t<figcaption class='wp-caption-text gallery-caption' id='gallery-2-9327'>\n\t\t\t\t<a target=\"_blank\" href=\"https:\/\/www.biusante.parisdescartes.fr\/histmed\/image?medpont_gc_album_01x0100\">Album 1<\/a>\n\t\t\t\t<\/figcaption><\/figure>\n\t\t<\/div>\n\n<figure id=\"attachment_9326\" aria-describedby=\"caption-attachment-9326\" style=\"width: 300px\" class=\"wp-caption aligncenter\"><img loading=\"lazy\" decoding=\"async\" class=\"wp-image-9326 size-medium\" src=\"https:\/\/numerabilis.u-paris.fr\/medica\/blog\/wp-content\/uploads\/0077-size-300x224.jpg\" alt=\"0077 size\" width=\"300\" height=\"224\" srcset=\"https:\/\/numerabilis.u-paris.fr\/medica\/blog\/wp-content\/uploads\/0077-size-300x224.jpg 300w, https:\/\/numerabilis.u-paris.fr\/medica\/blog\/wp-content\/uploads\/0077-size-1024x765.jpg 1024w, https:\/\/numerabilis.u-paris.fr\/medica\/blog\/wp-content\/uploads\/0077-size-160x120.jpg 160w, https:\/\/numerabilis.u-paris.fr\/medica\/blog\/wp-content\/uploads\/0077-size.jpg 1425w\" sizes=\"(max-width: 300px) 85vw, 300px\" \/><figcaption id=\"caption-attachment-9326\" class=\"wp-caption-text\"><a href=\"https:\/\/www.biusante.parisdescartes.fr\/histmed\/image?medpont_gc_album_02x0077\" target=\"_blank\">Album 2<\/a><\/figcaption><\/figure>\n<p style=\"text-align: justify;\">Une partie des pi\u00e8ces conserv\u00e9es \u00e0 la BIU Sant\u00e9 est actuellement pr\u00e9sent\u00e9e \u00e0 l&rsquo;<a href=\"http:\/\/www.historial.org\/Expositions\/Expositions-en-cours\/Face-a-Face-Regards-sur-la-de-re-figuration\" target=\"_blank\">Historial de la Grande Guerre de P\u00e9ronne<\/a> dans l&rsquo;exposition \u00ab\u00a0<a href=\"https:\/\/numerabilis.u-paris.fr\/medica\/blog\/index.php\/exposition-face-a-face-peronne\" target=\"_blank\"><strong><em>Face \u00e0 face : regards sur la d\u00e9(re)figuration<\/em><\/strong><\/a>\u00a0\u00bb organis\u00e9e par le <strong>Pr Bernard Devauchelle<\/strong>. On peut y voir par exemple l&rsquo;un des albums de photographies ainsi qu&rsquo;une s\u00e9rie\u00a0de onze moulages et c\u00e9roplasties de visages. Cette exposition, qui devait initialement se tenir jusqu&rsquo;au 11 novembre, sera prolong\u00e9e <strong>jusqu&rsquo;au 31 mars 2016<\/strong>.<\/p>\n<p style=\"text-align: right;\"><a href=\"&#109;&#x61;&#105;&#x6c;t&#x6f;:&#101;&#x73;&#116;&#x65;&#108;&#x6c;e&#x2e;l&#97;&#x6d;&#98;&#x65;r&#x74;&#64;&#x62;&#x69;&#117;&#x73;&#97;&#x6e;t&#x65;&#46;&#112;&#x61;&#114;&#x69;&#115;&#x64;e&#x73;c&#97;&#x72;&#116;&#x65;s&#x2e;f&#x72;\" target=\"_blank\">Estelle Lambert<\/a> et <a href=\"&#x6d;&#97;i&#x6c;&#116;&#111;&#x3a;&#x63;&#104;l&#x6f;&#101;p&#x38;&#x34;&#64;g&#x6d;&#97;i&#x6c;&#x2e;&#99;o&#x6d;\" target=\"_blank\">Chlo\u00e9 Perrot<\/a><\/p>\n","protected":false},"excerpt":{"rendered":"<p>Dans le cadre de la comm\u00e9moration du centenaire de la Premi\u00e8re Guerre mondiale, la Biblioth\u00e8que interuniversitaire de Sant\u00e9 a tenu \u00e0 apporter sa pierre \u00e0 l\u2019\u00e9difice m\u00e9moriel\u00a0en facilitant l\u2019acc\u00e8s au fonds du Dr Alb\u00e9ric Pont gr\u00e2ce \u00e0 la num\u00e9risation et \u00e0 la mise en ligne d\u2019un grand nombre de documents. Rappelons en effet que la &hellip; <a href=\"https:\/\/numerabilis.u-paris.fr\/medica\/blog\/index.php\/fonds-alberic-pont\/\" class=\"more-link\">Continuer la lecture<span class=\"screen-reader-text\"> de &laquo;&nbsp;Mise en ligne du fonds Alb\u00e9ric Pont&nbsp;&raquo;<\/span><\/a><\/p>\n","protected":false},"author":1,"featured_media":0,"comment_status":"open","ping_status":"open","sticky":false,"template":"","format":"standard","meta":{"_monsterinsights_skip_tracking":false,"_monsterinsights_sitenote_active":false,"_monsterinsights_sitenote_note":"","_monsterinsights_sitenote_category":0,"footnotes":""},"categories":[7],"tags":[158,251,100,125,155,48],"class_list":["post-9310","post","type-post","status-publish","format-standard","hentry","category-histoiresante","tag-chirurgie-faciale","tag-genealogie","tag-guerre","tag-gueules-cassees","tag-numerisation","tag-premiere-guerre-mondiale"],"_links":{"self":[{"href":"https:\/\/numerabilis.u-paris.fr\/medica\/blog\/index.php\/wp-json\/wp\/v2\/posts\/9310"}],"collection":[{"href":"https:\/\/numerabilis.u-paris.fr\/medica\/blog\/index.php\/wp-json\/wp\/v2\/posts"}],"about":[{"href":"https:\/\/numerabilis.u-paris.fr\/medica\/blog\/index.php\/wp-json\/wp\/v2\/types\/post"}],"author":[{"embeddable":true,"href":"https:\/\/numerabilis.u-paris.fr\/medica\/blog\/index.php\/wp-json\/wp\/v2\/users\/1"}],"replies":[{"embeddable":true,"href":"https:\/\/numerabilis.u-paris.fr\/medica\/blog\/index.php\/wp-json\/wp\/v2\/comments?post=9310"}],"version-history":[{"count":38,"href":"https:\/\/numerabilis.u-paris.fr\/medica\/blog\/index.php\/wp-json\/wp\/v2\/posts\/9310\/revisions"}],"predecessor-version":[{"id":9384,"href":"https:\/\/numerabilis.u-paris.fr\/medica\/blog\/index.php\/wp-json\/wp\/v2\/posts\/9310\/revisions\/9384"}],"wp:attachment":[{"href":"https:\/\/numerabilis.u-paris.fr\/medica\/blog\/index.php\/wp-json\/wp\/v2\/media?parent=9310"}],"wp:term":[{"taxonomy":"category","embeddable":true,"href":"https:\/\/numerabilis.u-paris.fr\/medica\/blog\/index.php\/wp-json\/wp\/v2\/categories?post=9310"},{"taxonomy":"post_tag","embeddable":true,"href":"https:\/\/numerabilis.u-paris.fr\/medica\/blog\/index.php\/wp-json\/wp\/v2\/tags?post=9310"}],"curies":[{"name":"wp","href":"https:\/\/api.w.org\/{rel}","templated":true}]}}