{"id":9543,"date":"2015-12-07T11:19:30","date_gmt":"2015-12-07T10:19:30","guid":{"rendered":"https:\/\/numerabilis.u-paris.fr\/medica\/blog\/?p=9543"},"modified":"2015-12-07T11:19:30","modified_gmt":"2015-12-07T10:19:30","slug":"rhippocrate-caring-future-20151210","status":"publish","type":"post","link":"https:\/\/numerabilis.u-paris.fr\/medica\/blog\/index.php\/rhippocrate-caring-future-20151210\/","title":{"rendered":"RHippocrate le 10\/12 : Caring for the future"},"content":{"rendered":"<h2><strong><em>Les rencontres d&rsquo;Hippocrate<br \/>\n<\/em><\/strong><\/h2>\n<p><img loading=\"lazy\" decoding=\"async\" class=\"aligncenter\" title=\"Rencontres d'Hippocrate\" src=\"https:\/\/numerabilis.u-paris.fr\/medica\/blog\/wp-content\/uploads\/RH21-300x102.jpg\" alt=\"Logo rencontres d'Hippocrate\" width=\"452\" height=\"153\" \/>La prochaine \u00ab\u00a0<a title=\"Rencontres d'Hippocrate\" href=\"http:\/\/www.medecine.parisdescartes.fr\/?page_id=6672\" target=\"_blank\">Rencontre d&rsquo;Hippocrate<\/a>\u00a0\u00bb aura lieu le <strong>jeudi 10 d\u00e9cembre 2015<\/strong>,<\/p>\n<p>sur le th\u00e8me \u00ab\u00a0<strong><em>Caring for the future <\/em><\/strong>\u00bb.<\/p>\n<p>Conf\u00e9rence prononc\u00e9e par\u00a0<strong><span class=\"auteur_hippocrate\">Rita CHARON<\/span><\/strong>, professeur de m\u00e9decine narrative \u00e0 l\u2019universit\u00e9 de Columbia et\u00a0<strong><span class=\"auteur_hippocrate\">Maria DE JESUS REIS CABRAL<\/span><\/strong>, professeur \u00e0 l\u2019universit\u00e9 de Coimbra, Portugal.<\/p>\n<p>La conf\u00e9rence aura lieu dans <strong>l&rsquo;amphith\u00e9\u00e2tre Fr\u00e9zal <\/strong>(<em>15, rue de l&rsquo;\u00c9cole-de-M\u00e9decine, site des Cordeliers, 2e \u00e9tage<\/em>) de 18h \u00e0 20h30. Elle sera film\u00e9e puis mise en ligne <a title=\"Rencontres d'Hippocrate\" href=\"http:\/\/www.medecine.parisdescartes.fr\/?page_id=6672\" target=\"_blank\">\u00e0 l&rsquo;adresse suivante<\/a>.<\/p>\n<p>L&rsquo;acc\u00e8s \u00e0 ces rencontres est libre et ne n\u00e9cessite pas d&rsquo;inscription.<\/p>\n<p>Retrouvez le programme 2015-2016 et les vid\u00e9os des sessions pr\u00e9c\u00e9dentes <a title=\"Rencontres d'Hippocrate\" href=\"http:\/\/www.medecine.parisdescartes.fr\/?page_id=6672\" target=\"_blank\">en cliquant sur ce lien<\/a>.<\/p>\n<p>Vous pouvez \u00e9galement consulter <a title=\"Bibliographies Hippocrate\" href=\"http:\/\/parisdescartes.libguides.com\/hippocrate\" target=\"_blank\">les bibliographies \u00e9labor\u00e9es par les BU de Paris Descartes en cliquant ici<\/a>.<\/p>\n<p><!--more--><\/p>\n<div id=\"schema_block\" class=\"schema_event\"><div itemscope itemtype=\"http:\/\/schema.org\/EducationEvent\"><a class=\"schema_url\" target=\"_blank\" itemprop=\"url\" href=\"http:\/\/www.medecine.parisdescartes.fr\/?page_id=6672\"><div class=\"schema_name\" itemprop=\"name\"><strong><em>Caring for the future<\/em><\/strong><\/div><\/a><div class=\"schema_description\" itemprop=\"description\">Rencontres d&#039;Hippocrate : &lt;strong&gt;&lt;em&gt;Caring for the future&lt;\/em&gt;&lt;\/strong&gt;<\/div><div><meta itemprop=\"startDate\" content=\"2015-12-10T18:00\">Debut: 12\/10\/2015 06:00 pm<\/div><\/div><div itemprop=\"address\" itemscope itemtype=\"http:\/\/schema.org\/PostalAddress\"><div class=\"street\" itemprop=\"streetAddress\">15, rue de l'\u00c9cole-de-M\u00e9decine<\/div><div class=\"city_state\"><span class=\"locale\" itemprop=\"addressLocality\">Paris<\/span>,<span class=\"region\" itemprop=\"addressRegion\"> \u00cele-de-France<\/span><\/div><div class=\"postalcode\" itemprop=\"postalCode\">75006<\/div><div class=\"country\" itemprop=\"addressCountry\">FR<\/div><\/div><\/div>\n","protected":false},"excerpt":{"rendered":"<p>Les rencontres d&rsquo;Hippocrate La prochaine \u00ab\u00a0Rencontre d&rsquo;Hippocrate\u00a0\u00bb aura lieu le jeudi 10 d\u00e9cembre 2015, sur le th\u00e8me \u00ab\u00a0Caring for the future \u00bb. Conf\u00e9rence prononc\u00e9e par\u00a0Rita CHARON, professeur de m\u00e9decine narrative \u00e0 l\u2019universit\u00e9 de Columbia et\u00a0Maria DE JESUS REIS CABRAL, professeur \u00e0 l\u2019universit\u00e9 de Coimbra, Portugal. La conf\u00e9rence aura lieu dans l&rsquo;amphith\u00e9\u00e2tre Fr\u00e9zal (15, rue de &hellip; <a href=\"https:\/\/numerabilis.u-paris.fr\/medica\/blog\/index.php\/rhippocrate-caring-future-20151210\/\" class=\"more-link\">Continuer la lecture<span class=\"screen-reader-text\"> de &laquo;&nbsp;RHippocrate le 10\/12 : Caring for the future&nbsp;&raquo;<\/span><\/a><\/p>\n","protected":false},"author":1,"featured_media":0,"comment_status":"open","ping_status":"open","sticky":false,"template":"","format":"standard","meta":{"_monsterinsights_skip_tracking":false,"_monsterinsights_sitenote_active":false,"_monsterinsights_sitenote_note":"","_monsterinsights_sitenote_category":0,"footnotes":""},"categories":[14],"tags":[23],"class_list":["post-9543","post","type-post","status-publish","format-standard","hentry","category-medecine-odontologie","tag-conference"],"_links":{"self":[{"href":"https:\/\/numerabilis.u-paris.fr\/medica\/blog\/index.php\/wp-json\/wp\/v2\/posts\/9543"}],"collection":[{"href":"https:\/\/numerabilis.u-paris.fr\/medica\/blog\/index.php\/wp-json\/wp\/v2\/posts"}],"about":[{"href":"https:\/\/numerabilis.u-paris.fr\/medica\/blog\/index.php\/wp-json\/wp\/v2\/types\/post"}],"author":[{"embeddable":true,"href":"https:\/\/numerabilis.u-paris.fr\/medica\/blog\/index.php\/wp-json\/wp\/v2\/users\/1"}],"replies":[{"embeddable":true,"href":"https:\/\/numerabilis.u-paris.fr\/medica\/blog\/index.php\/wp-json\/wp\/v2\/comments?post=9543"}],"version-history":[{"count":3,"href":"https:\/\/numerabilis.u-paris.fr\/medica\/blog\/index.php\/wp-json\/wp\/v2\/posts\/9543\/revisions"}],"predecessor-version":[{"id":9546,"href":"https:\/\/numerabilis.u-paris.fr\/medica\/blog\/index.php\/wp-json\/wp\/v2\/posts\/9543\/revisions\/9546"}],"wp:attachment":[{"href":"https:\/\/numerabilis.u-paris.fr\/medica\/blog\/index.php\/wp-json\/wp\/v2\/media?parent=9543"}],"wp:term":[{"taxonomy":"category","embeddable":true,"href":"https:\/\/numerabilis.u-paris.fr\/medica\/blog\/index.php\/wp-json\/wp\/v2\/categories?post=9543"},{"taxonomy":"post_tag","embeddable":true,"href":"https:\/\/numerabilis.u-paris.fr\/medica\/blog\/index.php\/wp-json\/wp\/v2\/tags?post=9543"}],"curies":[{"name":"wp","href":"https:\/\/api.w.org\/{rel}","templated":true}]}}