{"id":9571,"date":"2016-02-18T16:41:20","date_gmt":"2016-02-18T15:41:20","guid":{"rendered":"https:\/\/numerabilis.u-paris.fr\/medica\/blog\/?p=9571"},"modified":"2016-02-18T16:49:55","modified_gmt":"2016-02-18T15:49:55","slug":"pollinisations-colloque-sbf-20161504","status":"publish","type":"post","link":"https:\/\/numerabilis.u-paris.fr\/medica\/blog\/index.php\/pollinisations-colloque-sbf-20161504\/","title":{"rendered":"Les pollinisations : colloque les 15 et 16 avril 2016"},"content":{"rendered":"<p>Un colloque sur \u00ab<strong>Les pollinisations<\/strong>\u00bb aura lieu \u00e0 Paris,\u00a0<strong>les vendredi 15 avril et samedi 16 avril 2016.<\/strong><\/p>\n<p>Il est organis\u00e9 sous les auspices de la <a href=\"https:\/\/www.biusante.parisdescartes.fr\/sbf\/\" target=\"_blank\">Soci\u00e9t\u00e9 botanique de France<\/a>, <a href=\"http:\/\/www.sfecologie.org\/\" target=\"_blank\">la Soci\u00e9t\u00e9 fran\u00e7aise d\u2019\u00e9cologie<\/a>, <a href=\"http:\/\/www.lasef.org\/\" target=\"_blank\">la Soci\u00e9t\u00e9 entomologique de France<\/a>, <a href=\"http:\/\/www.snhf.org\/\" target=\"_blank\">la Soci\u00e9t\u00e9 nationale d&rsquo;horticulture de France<\/a>, <a href=\"http:\/\/www.oabeilles.net\/OA\/OA-homeFR.html\" target=\"_blank\">l\u2019Observatoire des abeilles<\/a> et la Biblioth\u00e8que interuniversitaire de Sant\u00e9, avec le soutien de <a href=\"http:\/\/www.especes.org\/\" target=\"_blank\">la revue <em>Esp\u00e8ces<\/em><\/a>.<\/p>\n<p>Il se d\u00e9roulera dans le grand amphith\u00e9\u00e2tre de l\u2019universit\u00e9 Paris Descartes,\u00a0<strong>12, rue de l\u2019\u00c9cole-de-M\u00e9decine, Paris 6<sup>e<\/sup>\u00a0<\/strong>(<em>m\u00e9tro Od\u00e9on<\/em>).<\/p>\n<p><img loading=\"lazy\" decoding=\"async\" class=\"alignright size-full wp-image-9991\" title=\"\" src=\"https:\/\/numerabilis.u-paris.fr\/medica\/blog\/wp-content\/uploads\/pollinisations.jpg\" alt=\"pollinisations\" width=\"350\" height=\"497\" srcset=\"https:\/\/numerabilis.u-paris.fr\/medica\/blog\/wp-content\/uploads\/pollinisations.jpg 350w, https:\/\/numerabilis.u-paris.fr\/medica\/blog\/wp-content\/uploads\/pollinisations-211x300.jpg 211w\" sizes=\"(max-width: 350px) 85vw, 350px\" \/>\u00abCe colloque pluridisciplinaire permettra d\u2019aborder sous de nombreuses facettes la diversit\u00e9 des <strong>pollinisations<\/strong> en incluant (<em>selon la\u00a0disponibilit\u00e9 des intervenants<\/em>) les th\u00e9matiques suivantes :<\/p>\n<ul>\n<li>L\u2019importance agronomique des <strong>pollinisateurs ;<br \/>\n<\/strong><\/li>\n<li>Les <strong>perturbations environnementales<\/strong> : changement climatique, fragmentation des habitats et urbanisation, importance des\u00a0\u00e9l\u00e9ments semi-naturels, impacts des produits phytosanitaires, causes possibles de l\u2019hypermortalit\u00e9 des abeilles domestiques, \u2026 ;<\/li>\n<li>L\u2019<strong>interaction plantes\u2013pollinisateurs<\/strong> : approche morphologique et adaptations de la fleur, co\u00e9volution, m\u00e9diation chimique,\u00a0ph\u00e9nologie de la production de nectar ;<\/li>\n<li>La <strong>diversit\u00e9 des pollinisateurs<\/strong> et la comp\u00e9tition entre esp\u00e8ces ;<\/li>\n<li>Les <strong>communaut\u00e9s v\u00e9g\u00e9tales<\/strong> en interaction avec les pollinisateurs : lien entre leur stabilit\u00e9 et la diversit\u00e9 des pollinisateurs,\u00a0flore mellif\u00e8re et flore apicole, \u2026<\/li>\n<\/ul>\n<p>Le colloque accueillera <strong>15 interventions sur deux jours<\/strong>. Le public attendu sera constitu\u00e9 de <strong>non-sp\u00e9cialistes<\/strong> ayant d\u00e9j\u00e0 une culture ou\u00a0une curiosit\u00e9 scientifique (<em>naturaliste, entomologique et botanique en particulier<\/em>). Le th\u00e8me du colloque s\u2019inscrit en particulier dans le\u00a0cadre des <strong>nouveaux programmes de coll\u00e8ge et lyc\u00e9e<\/strong> (<em>les interactions entre esp\u00e8ces, les perturbations \u00a0environnementales, la vie de la\u00a0plante, etc.<\/em>) et s\u2019adressera notamment \u00e0 un public d\u2019enseignants, de formateurs d\u2019enseignant, \u00e9tudiants et curieux de science.\u00bb<\/p>\n<p><strong>Inscription gratuite mais obligatoire<\/strong>\u00a0\u00e0\u00a0<a href=\"mailto:coll&#46;&#115;&#111;&#99;&#46;&#98;&#111;&#116;&#46;&#102;&#114;&#46;&#50;&#48;&#49;&#54;&#x40;&#x6f;&#x72;&#x61;&#x6e;&#x67;&#x65;&#x2e;&#x66;&#x72;\" target=\"_blank\">&#x63;&#111;l&#x6c;&#46;s&#x6f;&#99;&#46;&#x62;&#x6f;&#116;&#x2e;&#x66;&#114;&#46;&#x32;&#48;1&#x36;&#64;o&#x72;&#x61;&#110;&#x67;&#x65;&#46;f&#x72;<\/a>\u00a0&#8211; un\u00a0<strong>programme d\u00e9taill\u00e9<\/strong>\u00a0sera diffus\u00e9 sous un mois (<em>en particulier aux inscrits<\/em>).<\/p>\n<h2>Retours sur le colloque 2015 sur l&rsquo;agroforesterie<\/h2>\n<p>En attendant le colloque 2016 annonc\u00e9 ci-dessus, il est d\u00e9sormais possible de consulter les <a href=\"https:\/\/www.biusante.parisdescartes.fr\/sbf\/activ_colloque_2015.htm\" target=\"_blank\">communications et vid\u00e9os du colloque 2015<\/a> dont le th\u00e8me \u00e9tait : <strong>\u00ab\u00a0Des arbres en agriculture. L&rsquo;agroforesterie, au c\u0153ur des enjeux contemporains.\u00a0\u00bb<\/strong><\/p>\n<p>Pour m\u00e9moire, il \u00e9tait organis\u00e9 par la Soci\u00e9t\u00e9 botanique de France et <a href=\"http:\/\/www.agroforesterie.fr\/\" target=\"_blank\">l&rsquo;Association fran\u00e7aise d&rsquo;agroforesterie<\/a>, <a href=\"https:\/\/numerabilis.u-paris.fr\/medica\/blog\/index.php\/agroforesterie-colloque-2015\/\" target=\"_blank\">les <strong>20 et 21 mars 2015<\/strong><\/a>.<\/p>\n<div id=\"schema_block\" class=\"schema_event\"><div itemscope itemtype=\"http:\/\/schema.org\/EducationEvent\"><a class=\"schema_url\" target=\"_blank\" itemprop=\"url\" href=\"https:\/\/www.biusante.parisdescartes.fr\/sbf\/\"><div class=\"schema_name\" itemprop=\"name\">Colloque \u00ab Les Pollinisations \u00bb<\/div><\/a><div><meta itemprop=\"startDate\" content=\"2016-04-15\">Debut: 04\/15\/2016<\/div><div><meta itemprop=\"endDate\" content=\"2016-04-16:00.000\">Fin: 04\/16\/2016<\/div><\/div><div itemprop=\"address\" itemscope itemtype=\"http:\/\/schema.org\/PostalAddress\"><div class=\"street\" itemprop=\"streetAddress\">12, rue de l'Ecole-de-M\u00e9decine<\/div><div class=\"city_state\"><span class=\"locale\" itemprop=\"addressLocality\">Paris<\/span>,<span class=\"region\" itemprop=\"addressRegion\"> \u00cele-de-France<\/span><\/div><div class=\"postalcode\" itemprop=\"postalCode\">75006<\/div><div class=\"country\" itemprop=\"addressCountry\">FR<\/div><\/div><\/div>\n","protected":false},"excerpt":{"rendered":"<p>Un colloque sur \u00abLes pollinisations\u00bb aura lieu \u00e0 Paris,\u00a0les vendredi 15 avril et samedi 16 avril 2016. Il est organis\u00e9 sous les auspices de la Soci\u00e9t\u00e9 botanique de France, la Soci\u00e9t\u00e9 fran\u00e7aise d\u2019\u00e9cologie, la Soci\u00e9t\u00e9 entomologique de France, la Soci\u00e9t\u00e9 nationale d&rsquo;horticulture de France, l\u2019Observatoire des abeilles et la Biblioth\u00e8que interuniversitaire de Sant\u00e9, avec le &hellip; <a href=\"https:\/\/numerabilis.u-paris.fr\/medica\/blog\/index.php\/pollinisations-colloque-sbf-20161504\/\" class=\"more-link\">Continuer la lecture<span class=\"screen-reader-text\"> de &laquo;&nbsp;Les pollinisations : colloque les 15 et 16 avril 2016&nbsp;&raquo;<\/span><\/a><\/p>\n","protected":false},"author":1,"featured_media":0,"comment_status":"open","ping_status":"open","sticky":false,"template":"","format":"standard","meta":{"_monsterinsights_skip_tracking":false,"_monsterinsights_sitenote_active":false,"_monsterinsights_sitenote_note":"","_monsterinsights_sitenote_category":0,"footnotes":""},"categories":[15],"tags":[269,29,107,266,267,268],"class_list":["post-9571","post","type-post","status-publish","format-standard","hentry","category-pharmacie-biologie-cosmetologie","tag-agroforeterie","tag-botanique","tag-colloque-congres-je","tag-ecologie","tag-entomologie","tag-horticulture"],"_links":{"self":[{"href":"https:\/\/numerabilis.u-paris.fr\/medica\/blog\/index.php\/wp-json\/wp\/v2\/posts\/9571"}],"collection":[{"href":"https:\/\/numerabilis.u-paris.fr\/medica\/blog\/index.php\/wp-json\/wp\/v2\/posts"}],"about":[{"href":"https:\/\/numerabilis.u-paris.fr\/medica\/blog\/index.php\/wp-json\/wp\/v2\/types\/post"}],"author":[{"embeddable":true,"href":"https:\/\/numerabilis.u-paris.fr\/medica\/blog\/index.php\/wp-json\/wp\/v2\/users\/1"}],"replies":[{"embeddable":true,"href":"https:\/\/numerabilis.u-paris.fr\/medica\/blog\/index.php\/wp-json\/wp\/v2\/comments?post=9571"}],"version-history":[{"count":16,"href":"https:\/\/numerabilis.u-paris.fr\/medica\/blog\/index.php\/wp-json\/wp\/v2\/posts\/9571\/revisions"}],"predecessor-version":[{"id":10001,"href":"https:\/\/numerabilis.u-paris.fr\/medica\/blog\/index.php\/wp-json\/wp\/v2\/posts\/9571\/revisions\/10001"}],"wp:attachment":[{"href":"https:\/\/numerabilis.u-paris.fr\/medica\/blog\/index.php\/wp-json\/wp\/v2\/media?parent=9571"}],"wp:term":[{"taxonomy":"category","embeddable":true,"href":"https:\/\/numerabilis.u-paris.fr\/medica\/blog\/index.php\/wp-json\/wp\/v2\/categories?post=9571"},{"taxonomy":"post_tag","embeddable":true,"href":"https:\/\/numerabilis.u-paris.fr\/medica\/blog\/index.php\/wp-json\/wp\/v2\/tags?post=9571"}],"curies":[{"name":"wp","href":"https:\/\/api.w.org\/{rel}","templated":true}]}}