{"id":9665,"date":"2015-12-22T14:35:02","date_gmt":"2015-12-22T13:35:02","guid":{"rendered":"https:\/\/numerabilis.u-paris.fr\/medica\/blog\/?p=9665"},"modified":"2015-12-22T14:35:02","modified_gmt":"2015-12-22T13:35:02","slug":"teint-phryne-colloque","status":"publish","type":"post","link":"https:\/\/numerabilis.u-paris.fr\/medica\/blog\/index.php\/teint-phryne-colloque\/","title":{"rendered":"Le teint de Phryn\u00e8 (colloque 14 et 15\/1)"},"content":{"rendered":"<p>Les <strong>14 et 15 janvier 2016<\/strong> se tiendra le <strong>colloque international<\/strong> <strong><em>\u00abLe teint de Phryn\u00e8, <\/em><\/strong><strong><em>Th\u00e9rapeutique et cosm\u00e9tique dans l&rsquo;Antiquit\u00e9<\/em><\/strong>\u00bb.<\/p>\n<p><img loading=\"lazy\" decoding=\"async\" class=\"alignright size-full wp-image-9670\" src=\"https:\/\/numerabilis.u-paris.fr\/medica\/blog\/wp-content\/uploads\/Jean-Leon_Gerome_Phryne_devant_l_Areopage_1861.jpg\" alt=\"Jean-Leon_Gerome_Phryne_devant_l_Areopage_1861\" width=\"350\" height=\"219\" srcset=\"https:\/\/numerabilis.u-paris.fr\/medica\/blog\/wp-content\/uploads\/Jean-Leon_Gerome_Phryne_devant_l_Areopage_1861.jpg 350w, https:\/\/numerabilis.u-paris.fr\/medica\/blog\/wp-content\/uploads\/Jean-Leon_Gerome_Phryne_devant_l_Areopage_1861-300x188.jpg 300w\" sizes=\"(max-width: 350px) 85vw, 350px\" \/>\u00ab\u00a0<em>Dans l\u2019Antiquit\u00e9 gr\u00e9co-romaine, <strong>Phryn\u00e8<\/strong> est si c\u00e9l\u00e8bre pour sa beaut\u00e9 qu\u2019elle inspire les plus grands artistes &#8211; sculpteurs, peintres, po\u00e8tes ou orateurs. Pourtant, cette riche courtisane devrait son surnom de \u00ab\u00a0Crapaud\u00a0\u00bb \u00e0 son teint jaun\u00e2tre.<\/em><\/p>\n<p><em>C\u2019est sous le patronage de cette figure paradoxale de la beaut\u00e9 naturelle que se tiendra le colloque international intitul\u00e9 \u00ab\u00a0Le teint de Phryn\u00e8. Th\u00e9rapeutique et cosm\u00e9tique dans l\u2019Antiquit\u00e9\u00a0\u00bb<\/em> [&#8230;]<em> ce colloque transdisciplinaire r\u00e9unira des arch\u00e9ologues, des historiens, des philologues et des chimistes.<\/em>\u00a0\u00bb<\/p>\n<p>Cette manifestation se tiendra \u00e0 la <strong>maison de la Recherche<\/strong> (<em>salle D 035 &#8211; 28, rue Serpente <\/em><em>75006 Paris<\/em>).<\/p>\n<p><a href=\"http:\/\/www.orient-mediterranee.com\/spip.php?article2675\" target=\"_blank\">Le programme d\u00e9taill\u00e9 est consultable ici<\/a>.<\/p>\n<p>Elle est organis\u00e9e par <strong>Muriel Labonnelie<\/strong> (<em>UMR LAMS &#8211; Universit\u00e9 de Bourgogne<\/em>) et <strong>V\u00e9ronique Boudon-Millot<\/strong> (<em>UMR Orient et M\u00e9diterran\u00e9e &#8211; Universit\u00e9 Paris-Sorbonne<\/em>), dans le cadre du <a href=\"http:\/\/www.umr-lams.fr\/spip.php?article141\" target=\"_blank\">programme Polyre<\/a>, soutenu par Sorbonne Universit\u00e9s<\/p>\n<p><strong>Inscription gratuite<\/strong> : <em>muriel.labonnelie [at] gmail.com<\/em><\/p>\n<h2>En savoir plus<\/h2>\n<p><a href=\"http:\/\/www.orient-mediterranee.com\/spip.php?article2675\" target=\"_blank\">D\u00e9tails sur le site de l&rsquo;UMR 8167 Orient &amp; M\u00e9diterran\u00e9e<\/a><\/p>\n<p><a href=\"http:\/\/www.umr-lams.fr\/spip.php?article192\" target=\"_blank\">D\u00e9tails sur le site de l&rsquo;UMR LAMS<\/a><\/p>\n<div id=\"schema_block\" class=\"schema_event\"><div itemscope itemtype=\"http:\/\/schema.org\/EducationEvent\"><a class=\"schema_url\" target=\"_blank\" itemprop=\"url\" href=\"http:\/\/www.orient-mediterranee.com\/spip.php?article2675\"><div class=\"schema_name\" itemprop=\"name\">Le teint de Phryn\u00e8. Th\u00e9rapeutique et cosm\u00e9tique dans l\u2019Antiquit\u00e9<\/div><\/a><div><meta itemprop=\"startDate\" content=\"2016-01-14T13:00\">Debut: 01\/14\/2016 01:00 pm<\/div><div><meta itemprop=\"endDate\" content=\"2016-01-15:00.000\">Fin: 01\/15\/2016<\/div><\/div><div itemprop=\"address\" itemscope itemtype=\"http:\/\/schema.org\/PostalAddress\"><div class=\"street\" itemprop=\"streetAddress\">Maison de la Recherche (salle D 035) 28, rue Serpente<\/div><div class=\"city_state\"><span class=\"locale\" itemprop=\"addressLocality\">Paris<\/span>,<span class=\"region\" itemprop=\"addressRegion\"> \u00cele-de-France<\/span><\/div><div class=\"postalcode\" itemprop=\"postalCode\">75006<\/div><div class=\"country\" itemprop=\"addressCountry\">FR<\/div><\/div><\/div>\n","protected":false},"excerpt":{"rendered":"<p>Les 14 et 15 janvier 2016 se tiendra le colloque international \u00abLe teint de Phryn\u00e8, Th\u00e9rapeutique et cosm\u00e9tique dans l&rsquo;Antiquit\u00e9\u00bb. \u00ab\u00a0Dans l\u2019Antiquit\u00e9 gr\u00e9co-romaine, Phryn\u00e8 est si c\u00e9l\u00e8bre pour sa beaut\u00e9 qu\u2019elle inspire les plus grands artistes &#8211; sculpteurs, peintres, po\u00e8tes ou orateurs. Pourtant, cette riche courtisane devrait son surnom de \u00ab\u00a0Crapaud\u00a0\u00bb \u00e0 son teint jaun\u00e2tre. &hellip; <a href=\"https:\/\/numerabilis.u-paris.fr\/medica\/blog\/index.php\/teint-phryne-colloque\/\" class=\"more-link\">Continuer la lecture<span class=\"screen-reader-text\"> de &laquo;&nbsp;Le teint de Phryn\u00e8 (colloque 14 et 15\/1)&nbsp;&raquo;<\/span><\/a><\/p>\n","protected":false},"author":1,"featured_media":0,"comment_status":"open","ping_status":"open","sticky":false,"template":"","format":"standard","meta":{"_monsterinsights_skip_tracking":false,"_monsterinsights_sitenote_active":false,"_monsterinsights_sitenote_note":"","_monsterinsights_sitenote_category":0,"footnotes":""},"categories":[7],"tags":[78,107,103],"class_list":["post-9665","post","type-post","status-publish","format-standard","hentry","category-histoiresante","tag-antiquite","tag-colloque-congres-je","tag-cosmetologie"],"_links":{"self":[{"href":"https:\/\/numerabilis.u-paris.fr\/medica\/blog\/index.php\/wp-json\/wp\/v2\/posts\/9665"}],"collection":[{"href":"https:\/\/numerabilis.u-paris.fr\/medica\/blog\/index.php\/wp-json\/wp\/v2\/posts"}],"about":[{"href":"https:\/\/numerabilis.u-paris.fr\/medica\/blog\/index.php\/wp-json\/wp\/v2\/types\/post"}],"author":[{"embeddable":true,"href":"https:\/\/numerabilis.u-paris.fr\/medica\/blog\/index.php\/wp-json\/wp\/v2\/users\/1"}],"replies":[{"embeddable":true,"href":"https:\/\/numerabilis.u-paris.fr\/medica\/blog\/index.php\/wp-json\/wp\/v2\/comments?post=9665"}],"version-history":[{"count":9,"href":"https:\/\/numerabilis.u-paris.fr\/medica\/blog\/index.php\/wp-json\/wp\/v2\/posts\/9665\/revisions"}],"predecessor-version":[{"id":9675,"href":"https:\/\/numerabilis.u-paris.fr\/medica\/blog\/index.php\/wp-json\/wp\/v2\/posts\/9665\/revisions\/9675"}],"wp:attachment":[{"href":"https:\/\/numerabilis.u-paris.fr\/medica\/blog\/index.php\/wp-json\/wp\/v2\/media?parent=9665"}],"wp:term":[{"taxonomy":"category","embeddable":true,"href":"https:\/\/numerabilis.u-paris.fr\/medica\/blog\/index.php\/wp-json\/wp\/v2\/categories?post=9665"},{"taxonomy":"post_tag","embeddable":true,"href":"https:\/\/numerabilis.u-paris.fr\/medica\/blog\/index.php\/wp-json\/wp\/v2\/tags?post=9665"}],"curies":[{"name":"wp","href":"https:\/\/api.w.org\/{rel}","templated":true}]}}