{"id":9676,"date":"2015-12-23T14:14:35","date_gmt":"2015-12-23T13:14:35","guid":{"rendered":"https:\/\/numerabilis.u-paris.fr\/medica\/blog\/?p=9676"},"modified":"2015-12-23T14:16:26","modified_gmt":"2015-12-23T13:16:26","slug":"poetes-publicite-journee-etudes","status":"publish","type":"post","link":"https:\/\/numerabilis.u-paris.fr\/medica\/blog\/index.php\/poetes-publicite-journee-etudes\/","title":{"rendered":"Les po\u00e8tes et la publicit\u00e9 (journ\u00e9e d&rsquo;\u00e9tudes, 15 et 16\/1)"},"content":{"rendered":"<p>Les <strong>vendredi 15 et samedi 16 janvier 2016<\/strong> auront lieu <em>deux journ\u00e9es d&rsquo;\u00e9tudes<\/em> sur le th\u00e8me :<\/p>\n<p style=\"text-align: center;\"><em><span class=\"crayon article-titre-14545 \"><strong>Les Po\u00e8tes et la publicit\u00e9 (19<sup>e<\/sup>-20<sup>e<\/sup> si\u00e8cles)<\/strong> <\/span><\/em><\/p>\n<p><img loading=\"lazy\" decoding=\"async\" class=\"alignright size-full wp-image-9680\" src=\"https:\/\/numerabilis.u-paris.fr\/medica\/blog\/wp-content\/uploads\/poetes.jpg\" alt=\"poetes\" width=\"350\" height=\"495\" srcset=\"https:\/\/numerabilis.u-paris.fr\/medica\/blog\/wp-content\/uploads\/poetes.jpg 350w, https:\/\/numerabilis.u-paris.fr\/medica\/blog\/wp-content\/uploads\/poetes-212x300.jpg 212w\" sizes=\"(max-width: 350px) 85vw, 350px\" \/><\/p>\n<p>\u00ab\u00a0<em>Ces journ\u00e9es seront consacr\u00e9es \u00e0 la relation entre <strong>po\u00e9sie<\/strong> et <strong>publicit\u00e9<\/strong>, de la modernit\u00e9 post-baudelairienne \u00e0 la fin du 20e si\u00e8cle. S\u2019y retrouveront des chercheurs sp\u00e9cialistes de la p\u00e9riode consid\u00e9r\u00e9e et des doctorants. Une table ronde est pr\u00e9vue pour dialoguer avec les graphistes, po\u00e8tes et concepteurs r\u00e9dacteurs invit\u00e9s.<\/em>\u00a0\u00bb<\/p>\n<p>Journ\u00e9es organis\u00e9es par <a href=\"http:\/\/www.agence-nationale-recherche.fr\/\" target=\"_blank\">l\u2019ANR<\/a>, <a href=\"http:\/\/www.agence-nationale-recherche.fr\/?Projet=ANR-14-CE31-0006\" target=\"_blank\">LITT\u00e9PUB<\/a> et <a href=\"http:\/\/www.thalim.cnrs.fr\" target=\"_blank\">l&rsquo;\u00e9quipe Thalim-\u00c9critures de la modernit\u00e9<\/a>.<br class=\"autobr\" \/>Direction scientifique\u00a0: Marie-Paule Berranger, Laurence Guellec.<br class=\"autobr\" \/>Avec la collaboration d\u2019Alexia Vidalenche.<\/p>\n<h2>En savoir plus<\/h2>\n<p><a href=\"http:\/\/www.thalim.cnrs.fr\/colloques-et-journees-d-etude\/article\/les-poetes-et-la-publicite-19e-20e-siecles\" target=\"_blank\">Le site de l&rsquo;UMR 7172 avec le programme d\u00e9taill\u00e9<\/a>.<\/p>\n<div id=\"schema_block\" class=\"schema_event\"><div itemscope itemtype=\"http:\/\/schema.org\/EducationEvent\"><a class=\"schema_url\" target=\"_blank\" itemprop=\"url\" href=\"http:\/\/www.thalim.cnrs.fr\/colloques-et-journees-d-etude\/article\/les-poetes-et-la-publicite-19e-20e-siecles\"><div class=\"schema_name\" itemprop=\"name\">Les Po\u00e8tes et la publicit\u00e9 (19e-20e si\u00e8cles)<\/div><\/a><div><meta itemprop=\"startDate\" content=\"2016-01-15\">Debut: 01\/15\/2016<\/div><div><meta itemprop=\"endDate\" content=\"2016-01-16:00.000\">Fin: 01\/16\/2016<\/div><\/div><div itemprop=\"address\" itemscope itemtype=\"http:\/\/schema.org\/PostalAddress\"><div class=\"street\" itemprop=\"streetAddress\">Universit\u00e9 Sorbonne Nouvelle - Paris 3, Salle Las Vargnas Centre Censier 13 rue de Santeuil<\/div><div class=\"city_state\"><span class=\"locale\" itemprop=\"addressLocality\">Paris<\/span>,<span class=\"region\" itemprop=\"addressRegion\"> \u00cele-de-France<\/span><\/div><div class=\"postalcode\" itemprop=\"postalCode\">75013<\/div><div class=\"country\" itemprop=\"addressCountry\">FR<\/div><\/div><\/div>\n","protected":false},"excerpt":{"rendered":"<p>Les vendredi 15 et samedi 16 janvier 2016 auront lieu deux journ\u00e9es d&rsquo;\u00e9tudes sur le th\u00e8me : Les Po\u00e8tes et la publicit\u00e9 (19e-20e si\u00e8cles) \u00ab\u00a0Ces journ\u00e9es seront consacr\u00e9es \u00e0 la relation entre po\u00e9sie et publicit\u00e9, de la modernit\u00e9 post-baudelairienne \u00e0 la fin du 20e si\u00e8cle. S\u2019y retrouveront des chercheurs sp\u00e9cialistes de la p\u00e9riode consid\u00e9r\u00e9e et &hellip; <a href=\"https:\/\/numerabilis.u-paris.fr\/medica\/blog\/index.php\/poetes-publicite-journee-etudes\/\" class=\"more-link\">Continuer la lecture<span class=\"screen-reader-text\"> de &laquo;&nbsp;Les po\u00e8tes et la publicit\u00e9 (journ\u00e9e d&rsquo;\u00e9tudes, 15 et 16\/1)&nbsp;&raquo;<\/span><\/a><\/p>\n","protected":false},"author":1,"featured_media":0,"comment_status":"open","ping_status":"open","sticky":false,"template":"","format":"standard","meta":{"_monsterinsights_skip_tracking":false,"_monsterinsights_sitenote_active":false,"_monsterinsights_sitenote_note":"","_monsterinsights_sitenote_category":0,"footnotes":""},"categories":[7],"tags":[53,54,107,103],"class_list":["post-9676","post","type-post","status-publish","format-standard","hentry","category-histoiresante","tag-19e-s","tag-20e-s","tag-colloque-congres-je","tag-cosmetologie"],"_links":{"self":[{"href":"https:\/\/numerabilis.u-paris.fr\/medica\/blog\/index.php\/wp-json\/wp\/v2\/posts\/9676"}],"collection":[{"href":"https:\/\/numerabilis.u-paris.fr\/medica\/blog\/index.php\/wp-json\/wp\/v2\/posts"}],"about":[{"href":"https:\/\/numerabilis.u-paris.fr\/medica\/blog\/index.php\/wp-json\/wp\/v2\/types\/post"}],"author":[{"embeddable":true,"href":"https:\/\/numerabilis.u-paris.fr\/medica\/blog\/index.php\/wp-json\/wp\/v2\/users\/1"}],"replies":[{"embeddable":true,"href":"https:\/\/numerabilis.u-paris.fr\/medica\/blog\/index.php\/wp-json\/wp\/v2\/comments?post=9676"}],"version-history":[{"count":10,"href":"https:\/\/numerabilis.u-paris.fr\/medica\/blog\/index.php\/wp-json\/wp\/v2\/posts\/9676\/revisions"}],"predecessor-version":[{"id":9687,"href":"https:\/\/numerabilis.u-paris.fr\/medica\/blog\/index.php\/wp-json\/wp\/v2\/posts\/9676\/revisions\/9687"}],"wp:attachment":[{"href":"https:\/\/numerabilis.u-paris.fr\/medica\/blog\/index.php\/wp-json\/wp\/v2\/media?parent=9676"}],"wp:term":[{"taxonomy":"category","embeddable":true,"href":"https:\/\/numerabilis.u-paris.fr\/medica\/blog\/index.php\/wp-json\/wp\/v2\/categories?post=9676"},{"taxonomy":"post_tag","embeddable":true,"href":"https:\/\/numerabilis.u-paris.fr\/medica\/blog\/index.php\/wp-json\/wp\/v2\/tags?post=9676"}],"curies":[{"name":"wp","href":"https:\/\/api.w.org\/{rel}","templated":true}]}}