{"id":996,"date":"2013-03-29T09:26:40","date_gmt":"2013-03-29T08:26:40","guid":{"rendered":"https:\/\/numerabilis.u-paris.fr\/medica\/blog\/?p=996"},"modified":"2013-04-02T10:25:17","modified_gmt":"2013-04-02T09:25:17","slug":"lundi-paques-2013","status":"publish","type":"post","link":"https:\/\/numerabilis.u-paris.fr\/medica\/blog\/index.php\/lundi-paques-2013\/","title":{"rendered":"Lundi de P\u00e2ques f\u00e9ri\u00e9"},"content":{"rendered":"<p>Attention, <strong>la biblioth\u00e8que sera ferm\u00e9e le lundi 1er avril 2013<\/strong> (<em>lundi de P\u00e2ques, jour f\u00e9ri\u00e9<\/em> &#8211; et il ne s&rsquo;agit pas d&rsquo;un poisson d&rsquo;avril).<\/p>\n<p>Elle sera ouverte normalement le <strong>samedi 30 mars<\/strong>, de 9h \u00e0 20h.<\/p>\n<p>L&rsquo;occasion de partir en excursion, comme les h\u00e9ros de <a title=\"Pierre de Coubertin sur Wikip\u00e9dia\" href=\"http:\/\/fr.wikipedia.org\/wiki\/Pierre_de_Coubertin\" target=\"_blank\">Pierre de Coubertin<\/a> dans <a title=\"L'\u00e9ducation des adolescents au XXe s.\" href=\"https:\/\/www.biusante.parisdescartes.fr\/histmed\/medica\/cote?79935\" target=\"_blank\"><em><strong>L&rsquo;\u00e9ducation des adolescents au XXe si\u00e8cle<\/strong><\/em><\/a> ?<\/p>\n<p><a title=\"L'\u00e9ducation des adolescents au XXe s.\" href=\"http:\/\/www2.biusante.parisdescartes.fr\/livanc\/?p=152&amp;cote=79935&amp;do=page\" target=\"_blank\"><img loading=\"lazy\" decoding=\"async\" class=\"aligncenter size-full wp-image-998\" title=\"Coubertin\" src=\"https:\/\/numerabilis.u-paris.fr\/medica\/blog\/wp-content\/uploads\/Coubertin.png\" alt=\"L'\u00e9ducation des adolescents au XXe s.\" width=\"351\" height=\"102\" srcset=\"https:\/\/numerabilis.u-paris.fr\/medica\/blog\/wp-content\/uploads\/Coubertin.png 351w, https:\/\/numerabilis.u-paris.fr\/medica\/blog\/wp-content\/uploads\/Coubertin-300x87.png 300w\" sizes=\"(max-width: 351px) 85vw, 351px\" \/><\/a><\/p>\n<p>Ouvrage disponible au t\u00e9l\u00e9chargement dans notre <a title=\"Medic@\" href=\"https:\/\/www.biusante.parisdescartes.fr\/histmed\/medica.htm\" target=\"_blank\">biblioth\u00e8que num\u00e9rique <em>Medic@<\/em><\/a>, parmi plus de 77 000 autres documents.<\/p>\n<p><!--more--><\/p>\n<div id=\"schema_block\" class=\"schema_book\"><div itemscope itemtype=\"http:\/\/schema.org\/Book\"><a class=\"schema_url\" target=\"_blank\" itemprop=\"url\" href=\"https:\/\/www.biusante.parisdescartes.fr\/histmed\/medica\/cote?79935\"><div class=\"schema_name\" itemprop=\"name\">L'\u00e9ducation des adolescents au XXe si\u00e8cle. I. L'\u00e9ducation physique. La gymnastique utilitaire : sauvetage, d\u00e9fense, locomotion <\/div><\/a><div itemprop=\"author\" itemscope itemtype=\"http:\/\/schema.org\/Person\">Auteur: <span itemprop=\"name\">Pierre de Coubertin<\/span><\/div><div itemprop=\"publisher\" itemscope itemtype=\"http:\/\/schema.org\/Organization\">Editeur: <span itemprop=\"name\">F. Alcan<\/span><\/div><div>Edition: <span itemprop=\"bookEdition\">3e \u00e9dition<\/span><\/div><\/div><\/div>\n","protected":false},"excerpt":{"rendered":"<p>Attention, la biblioth\u00e8que sera ferm\u00e9e le lundi 1er avril 2013 (lundi de P\u00e2ques, jour f\u00e9ri\u00e9 &#8211; et il ne s&rsquo;agit pas d&rsquo;un poisson d&rsquo;avril). Elle sera ouverte normalement le samedi 30 mars, de 9h \u00e0 20h. L&rsquo;occasion de partir en excursion, comme les h\u00e9ros de Pierre de Coubertin dans L&rsquo;\u00e9ducation des adolescents au XXe si\u00e8cle &hellip; <a href=\"https:\/\/numerabilis.u-paris.fr\/medica\/blog\/index.php\/lundi-paques-2013\/\" class=\"more-link\">Continuer la lecture<span class=\"screen-reader-text\"> de &laquo;&nbsp;Lundi de P\u00e2ques f\u00e9ri\u00e9&nbsp;&raquo;<\/span><\/a><\/p>\n","protected":false},"author":1,"featured_media":998,"comment_status":"open","ping_status":"open","sticky":false,"template":"","format":"standard","meta":{"_monsterinsights_skip_tracking":false,"_monsterinsights_sitenote_active":false,"_monsterinsights_sitenote_note":"","_monsterinsights_sitenote_category":0,"footnotes":""},"categories":[7,14,15],"tags":[49],"class_list":["post-996","post","type-post","status-publish","format-standard","has-post-thumbnail","hentry","category-histoiresante","category-medecine-odontologie","category-pharmacie-biologie-cosmetologie","tag-fermeture"],"_links":{"self":[{"href":"https:\/\/numerabilis.u-paris.fr\/medica\/blog\/index.php\/wp-json\/wp\/v2\/posts\/996"}],"collection":[{"href":"https:\/\/numerabilis.u-paris.fr\/medica\/blog\/index.php\/wp-json\/wp\/v2\/posts"}],"about":[{"href":"https:\/\/numerabilis.u-paris.fr\/medica\/blog\/index.php\/wp-json\/wp\/v2\/types\/post"}],"author":[{"embeddable":true,"href":"https:\/\/numerabilis.u-paris.fr\/medica\/blog\/index.php\/wp-json\/wp\/v2\/users\/1"}],"replies":[{"embeddable":true,"href":"https:\/\/numerabilis.u-paris.fr\/medica\/blog\/index.php\/wp-json\/wp\/v2\/comments?post=996"}],"version-history":[{"count":10,"href":"https:\/\/numerabilis.u-paris.fr\/medica\/blog\/index.php\/wp-json\/wp\/v2\/posts\/996\/revisions"}],"predecessor-version":[{"id":1034,"href":"https:\/\/numerabilis.u-paris.fr\/medica\/blog\/index.php\/wp-json\/wp\/v2\/posts\/996\/revisions\/1034"}],"wp:featuredmedia":[{"embeddable":true,"href":"https:\/\/numerabilis.u-paris.fr\/medica\/blog\/index.php\/wp-json\/wp\/v2\/media\/998"}],"wp:attachment":[{"href":"https:\/\/numerabilis.u-paris.fr\/medica\/blog\/index.php\/wp-json\/wp\/v2\/media?parent=996"}],"wp:term":[{"taxonomy":"category","embeddable":true,"href":"https:\/\/numerabilis.u-paris.fr\/medica\/blog\/index.php\/wp-json\/wp\/v2\/categories?post=996"},{"taxonomy":"post_tag","embeddable":true,"href":"https:\/\/numerabilis.u-paris.fr\/medica\/blog\/index.php\/wp-json\/wp\/v2\/tags?post=996"}],"curies":[{"name":"wp","href":"https:\/\/api.w.org\/{rel}","templated":true}]}}