
{"id":11,"count":9,"description":"Conf\u00e9rences pr\u00e9sent\u00e9es au cours du Congr\u00e8s d'Obernai\r\n14 au 16 Juin 1996","link":"https:\/\/numerabilis.u-paris.fr\/partenaires\/sfhad\/annee_lieu\/1996-obernai\/","name":"OBERNAI, 1996","slug":"1996-obernai","taxonomy":"annee_lieu","parent":0,"meta":[],"_links":{"self":[{"href":"https:\/\/numerabilis.u-paris.fr\/partenaires\/sfhad\/wp-json\/wp\/v2\/annee_lieu\/11"}],"collection":[{"href":"https:\/\/numerabilis.u-paris.fr\/partenaires\/sfhad\/wp-json\/wp\/v2\/annee_lieu"}],"about":[{"href":"https:\/\/numerabilis.u-paris.fr\/partenaires\/sfhad\/wp-json\/wp\/v2\/taxonomies\/annee_lieu"}]}}