
{"id":14,"count":13,"description":"Conf\u00e9rences pr\u00e9sent\u00e9es au cours du Congr\u00e8s de Lyon\r\n18 et 19 Juin 1999","link":"https:\/\/numerabilis.u-paris.fr\/partenaires\/sfhad\/annee_lieu\/1999-lyon\/","name":"LYON, 1999","slug":"1999-lyon","taxonomy":"annee_lieu","parent":0,"meta":[],"_links":{"self":[{"href":"https:\/\/numerabilis.u-paris.fr\/partenaires\/sfhad\/wp-json\/wp\/v2\/annee_lieu\/14"}],"collection":[{"href":"https:\/\/numerabilis.u-paris.fr\/partenaires\/sfhad\/wp-json\/wp\/v2\/annee_lieu"}],"about":[{"href":"https:\/\/numerabilis.u-paris.fr\/partenaires\/sfhad\/wp-json\/wp\/v2\/taxonomies\/annee_lieu"}]}}