
{"id":23,"count":12,"description":"Conf\u00e9rences pr\u00e9sent\u00e9es au cours du Congr\u00e8s de Paris\r\n26 et 27 Avril 2002","link":"https:\/\/numerabilis.u-paris.fr\/partenaires\/sfhad\/annee_lieu\/2002-paris\/","name":"PARIS, 2002","slug":"2002-paris","taxonomy":"annee_lieu","parent":0,"meta":[],"_links":{"self":[{"href":"https:\/\/numerabilis.u-paris.fr\/partenaires\/sfhad\/wp-json\/wp\/v2\/annee_lieu\/23"}],"collection":[{"href":"https:\/\/numerabilis.u-paris.fr\/partenaires\/sfhad\/wp-json\/wp\/v2\/annee_lieu"}],"about":[{"href":"https:\/\/numerabilis.u-paris.fr\/partenaires\/sfhad\/wp-json\/wp\/v2\/taxonomies\/annee_lieu"}]}}