
{"id":28,"count":13,"description":"Conf\u00e9rences pr\u00e9sent\u00e9es au cours du XVe Congr\u00e8s de Reims\r\n29 et 30 Avril 2005","link":"https:\/\/numerabilis.u-paris.fr\/partenaires\/sfhad\/annee_lieu\/2005-reims\/","name":"REIMS, 2005","slug":"2005-reims","taxonomy":"annee_lieu","parent":0,"meta":[],"_links":{"self":[{"href":"https:\/\/numerabilis.u-paris.fr\/partenaires\/sfhad\/wp-json\/wp\/v2\/annee_lieu\/28"}],"collection":[{"href":"https:\/\/numerabilis.u-paris.fr\/partenaires\/sfhad\/wp-json\/wp\/v2\/annee_lieu"}],"about":[{"href":"https:\/\/numerabilis.u-paris.fr\/partenaires\/sfhad\/wp-json\/wp\/v2\/taxonomies\/annee_lieu"}]}}