{"id":741,"date":"2019-09-10T16:10:19","date_gmt":"2019-09-10T16:10:19","guid":{"rendered":"https:\/\/numerabilis.u-paris.fr\/partenaires\/sfhm\/?p=741"},"modified":"2019-09-17T08:34:46","modified_gmt":"2019-09-17T08:34:46","slug":"colloque-litterature-et-medecine","status":"publish","type":"post","link":"https:\/\/numerabilis.u-paris.fr\/partenaires\/sfhm\/colloque-litterature-et-medecine\/","title":{"rendered":"Colloque Litt\u00e9rature et M\u00e9decine (XVIe &#8211; XXIe si\u00e8cle) : Les mots et les maux, 23 novembre 2019"},"content":{"rendered":"<div class=\"wpb-content-wrapper\"><p>[vc_row][vc_column][vc_column_text]<em><strong>Colloque conjoint de la Soci\u00e9t\u00e9 Fran\u00e7aise d\u2019Histoire de la M\u00e9decine et la Soci\u00e9t\u00e9 d\u2019Histoire Litt\u00e9raire de la France, organis\u00e9 par Jacqueline Vons et Claude La Charit\u00e9.<\/strong><\/em>[\/vc_column_text][\/vc_column][\/vc_row][vc_row][vc_column width=\u00a0\u00bb2\/3&Prime; el_class=\u00a0\u00bbbloc-cadre-fond-ecorche\u00a0\u00bb][vc_column_text]<\/p>\n<h2 style=\"text-align: center;\">Programme<\/h2>\n<p>[\/vc_column_text][vc_column_text]Salle du Conseil \u2013 12, rue de l\u2019\u00c9cole de M\u00e9decine, Paris vi<sup>e<\/sup> \u2013 23 novembre 2019<\/p>\n<p>&nbsp;<\/p>\n<p>9\u00a0h\u00a015 \u2013 Accueil<\/p>\n<p>9\u00a0h\u00a030 \u2013 Ouverture du colloque par Jacques Battin, pr\u00e9sident de la SFHM, et Sylvain Menant, pr\u00e9sident de la SHLF<\/p>\n<p>&nbsp;<\/p>\n<p style=\"text-align: center;\">Pr\u00e9sidente de s\u00e9ance\u00a0: Jacqueline Vons (SFHM-Universit\u00e9 de Tours)<\/p>\n<p>10\u00a0h \u2013 \u00c9velyne Berriot-Salvadore (SFHM-Universit\u00e9 Paul-Val\u00e9ry, Montpellier), \u00ab\u00a0Pour rire et pour enseigner\u00a0: le conte m\u00e9dical \u00e0 la Renaissance\u00a0\u00bb<\/p>\n<p>10\u00a0h\u00a030 \u2013 Jean C\u00e9ard (SHLF-Universit\u00e9 Paris Nanterre), \u00ab\u00a0La m\u00e9decine, \u201cvraye Theologie naturelle\u201d (Pierre Viret)\u00a0\u00bb<\/p>\n<p><em>Discussion<\/em><\/p>\n<p>&nbsp;<\/p>\n<p style=\"text-align: center;\">Pr\u00e9sident de s\u00e9ance\u00a0: Claude La Charit\u00e9 (SHLF-Universit\u00e9 du Qu\u00e9bec \u00e0 Rimouski)<\/p>\n<p>11\u00a0h\u00a015 \u2013 Dominique Brancher (SHLF-Universit\u00e9 de B\u00e2le \u2013 Yale) \u00ab\u00a0\u2019Pierre qui roule amasse mousse\u2026.\u2019 Conversation entre deux lapidaires (Montaigne et Beverwyck) ou les beaut\u00e9s de la colique\u00a0\u00bb<\/p>\n<p>11\u00a0h\u00a045 \u2013 Micheline Ruel-Kellermann (SFHM-Acad\u00e9mie nationale de chirurgie dentaire) et Jacqueline Vons (SFHM-Universit\u00e9 de Tours), \u00ab\u00a0Faux diagnostic, pol\u00e9mique et technique : l\u2019histoire de la dent d\u2019or (1683)\u00a0\u00bb<\/p>\n<p><em>Discussion <\/em><\/p>\n<p>&nbsp;<\/p>\n<p><em>Reprise des activit\u00e9s \u00e0 14\u00a0h <\/em><\/p>\n<p style=\"text-align: center;\">Pr\u00e9sident de s\u00e9ance\u00a0: Guy Cobolet (SFHM-BIU Sant\u00e9)<\/p>\n<p>14\u00a0h\u00a0\u2013 Michel Delon (SHLF-Sorbonne Universit\u00e9), \u00ab\u00a0Le traitement moral des troubles psychiques dans les trait\u00e9s ali\u00e9nistes et dans la fiction, au tournant des Lumi\u00e8res\u00a0\u00bb<\/p>\n<p>14\u00a0h\u00a030 \u2013 Philippe Albou (SFHM-g\u00e9riatre), \u00ab\u00a0Les h\u00f4pitaux parisiens vers 1780 \u00e0 partir du t\u00e9moignage de Louis-S\u00e9bastien Mercier\u00a0\u00bb<\/p>\n<p>15\u00a0h \u2013 Alexandre Wenger (SHLF-Universit\u00e9 de Gen\u00e8ve), \u00ab\u00a0La Visite \u00e0 l\u2019h\u00f4pital des v\u00e9rol\u00e9s, ou la litt\u00e9rature face au p\u00e9ril v\u00e9n\u00e9rien (fin xix<sup>e<\/sup>-d\u00e9but xx<sup>e<\/sup> si\u00e8cle)<\/p>\n<p><em>Pause et discussion <\/em><\/p>\n<p>&nbsp;<\/p>\n<p style=\"text-align: center;\">Pr\u00e9sident de s\u00e9ance\u00a0: Patrick Dandrey (SHLF-Sorbonne-Universit\u00e9)<\/p>\n<p>16\u00a0h \u2013 Jacques Chevallier (SFHM-Acad\u00e9mie des sciences, arts et lettres de Lyon), \u00ab\u00a0Les docteurs Arthur Conan Doyle et Edmond Locard ou comment la litt\u00e9rature a influenc\u00e9 la science\u00a0!\u00a0\u00bb<\/p>\n<p>16\u00a0h\u00a030 \u2013 Jean-Fran\u00e7ois Hutin (SFHM-radiologue), \u00ab\u00a0La pratique m\u00e9dicale et les malades d\u2019Antoine Thibault\u00a0\u00bb<\/p>\n<p>17\u00a0h \u2013 Jo\u00ebl Desrosiers (SHLF-Acad\u00e9mie des arts et lettres du Qu\u00e9bec), \u00ab\u00a0Po\u00e8tes-m\u00e9decins des mondes francophones xx<sup>e<\/sup>-xxi<sup>e<\/sup> si\u00e8cles\u00a0\u00bb<\/p>\n<p><em>Discussion finale<\/em>[\/vc_column_text][\/vc_column][vc_column width=\u00a0\u00bb1\/3&Prime;][vc_single_image image=\u00a0\u00bb820&Prime; img_size=\u00a0\u00bbmedium\u00a0\u00bb][vc_btn title=\u00a0\u00bbProgramme imprimable\u00a0\u00bb style=\u00a0\u00bbflat\u00a0\u00bb color=\u00a0\u00bbturquoise\u00a0\u00bb i_icon_fontawesome=\u00a0\u00bbfa fa-file-pdf-o\u00a0\u00bb add_icon=\u00a0\u00bbtrue\u00a0\u00bb link=\u00a0\u00bburl:https%3A%2F%2Fnumerabilis.u-paris.fr%2Fwp-content%2Fuploads%2Fpdf%2FProgramme-Colloque-Litt%C3%A9rature-et-M%C3%A9decine-23-novembre-2019.pdf|title:Programme%20du%20colloque%20Litt%C3%A9rature%20et%20M%C3%A9decine%20du%2023%20novembre%202019||\u00a0\u00bb][\/vc_column][\/vc_row]<\/p>\n<\/div>","protected":false},"excerpt":{"rendered":"<p>[vc_row][vc_column][vc_column_text]Colloque conjoint de la Soci\u00e9t\u00e9 Fran\u00e7aise d\u2019Histoire de la M\u00e9decine et la Soci\u00e9t\u00e9 d\u2019Histoire Litt\u00e9raire de la France, organis\u00e9 par Jacqueline Vons et Claude La Charit\u00e9.[\/vc_column_text][\/vc_column][\/vc_row][vc_row][vc_column width=\u00a0\u00bb2\/3&Prime; el_class=\u00a0\u00bbbloc-cadre-fond-ecorche\u00a0\u00bb][vc_column_text] Programme [\/vc_column_text][vc_column_text]Salle du Conseil \u2013 12, rue de l\u2019\u00c9cole de M\u00e9decine, Paris vie \u2013 23 novembre 2019 &nbsp; 9\u00a0h\u00a015 \u2013 Accueil 9\u00a0h\u00a030 \u2013 Ouverture du colloque par &hellip; <a href=\"https:\/\/numerabilis.u-paris.fr\/partenaires\/sfhm\/colloque-litterature-et-medecine\/\">Continued<\/a><\/p>\n","protected":false},"author":2,"featured_media":0,"comment_status":"closed","ping_status":"closed","sticky":true,"template":"","format":"standard","meta":{"footnotes":"","_links_to":"","_links_to_target":""},"categories":[7],"tags":[10],"class_list":["post-741","post","type-post","status-publish","format-standard","hentry","category-actualites","tag-mis-en-avant"],"_links":{"self":[{"href":"https:\/\/numerabilis.u-paris.fr\/partenaires\/sfhm\/wp-json\/wp\/v2\/posts\/741","targetHints":{"allow":["GET"]}}],"collection":[{"href":"https:\/\/numerabilis.u-paris.fr\/partenaires\/sfhm\/wp-json\/wp\/v2\/posts"}],"about":[{"href":"https:\/\/numerabilis.u-paris.fr\/partenaires\/sfhm\/wp-json\/wp\/v2\/types\/post"}],"author":[{"embeddable":true,"href":"https:\/\/numerabilis.u-paris.fr\/partenaires\/sfhm\/wp-json\/wp\/v2\/users\/2"}],"replies":[{"embeddable":true,"href":"https:\/\/numerabilis.u-paris.fr\/partenaires\/sfhm\/wp-json\/wp\/v2\/comments?post=741"}],"version-history":[{"count":14,"href":"https:\/\/numerabilis.u-paris.fr\/partenaires\/sfhm\/wp-json\/wp\/v2\/posts\/741\/revisions"}],"predecessor-version":[{"id":823,"href":"https:\/\/numerabilis.u-paris.fr\/partenaires\/sfhm\/wp-json\/wp\/v2\/posts\/741\/revisions\/823"}],"wp:attachment":[{"href":"https:\/\/numerabilis.u-paris.fr\/partenaires\/sfhm\/wp-json\/wp\/v2\/media?parent=741"}],"wp:term":[{"taxonomy":"category","embeddable":true,"href":"https:\/\/numerabilis.u-paris.fr\/partenaires\/sfhm\/wp-json\/wp\/v2\/categories?post=741"},{"taxonomy":"post_tag","embeddable":true,"href":"https:\/\/numerabilis.u-paris.fr\/partenaires\/sfhm\/wp-json\/wp\/v2\/tags?post=741"}],"curies":[{"name":"wp","href":"https:\/\/api.w.org\/{rel}","templated":true}]}}